{"id":56673,"date":"2022-05-26T16:37:49","date_gmt":"2022-05-26T21:37:49","guid":{"rendered":"https:\/\/nvnoticias.mx\/?p=56673"},"modified":"2022-05-26T16:37:51","modified_gmt":"2022-05-26T21:37:51","slug":"licencias-de-conducir-digitales-plantea-legislador","status":"publish","type":"post","link":"https:\/\/nvnoticias.mx\/index.php\/2022\/05\/26\/licencias-de-conducir-digitales-plantea-legislador\/","title":{"rendered":"Licencias de conducir digitales, plantea legislador"},"content":{"rendered":"\n<p><strong>Jes\u00fas Utrilla \/ NV Noticias<\/strong><\/p>\n\n\n\n<p>El diputado Jaime Enrique de la Garza Mart\u00ednez propuso, mediante una Iniciativa de Decreto que adiciona el Art\u00edculo 52 Bis a la Ley de Tr\u00e1nsito y Transporte para el estado de Veracruz de Ignacio de la Llave, implementar la modalidad de licencias de conducir digitales en la entidad, en uso y aprovechamiento de las tecnolog\u00edas de la informaci\u00f3n para la prestaci\u00f3n de los servicios a favor de la sociedad.\u00a0<\/p>\n\n\n\n<p>La propuesta, presentada durante la Tercera Sesi\u00f3n Ordinaria del Segundo Per\u00edodo Ordinario del Primer A\u00f1o de Ejercicio Constitucional, especifica que las licencias para conducir, expedidas en documento f\u00edsico o en versi\u00f3n digital, tendr\u00edan la misma validez legal y les ser\u00e1n aplicadas las mismas disposiciones jur\u00eddicas.\u00a0<\/p>\n\n\n\n<p>En el caso de la Licencia Digital de Conducir, ser\u00eda intransferible, de uso exclusivo de su titular y no podr\u00eda ser compartida ni descargada por terceras personas, por lo que, su uso indebido ser\u00eda sancionado conforme a las disposiciones penales y administrativas aplicables.\u00a0<\/p>\n\n\n\n<p>De acuerdo con el segundo art\u00edculo transitorio, la Direcci\u00f3n de Transporte contar\u00e1 con un plazo no mayor a 90 d\u00edas h\u00e1biles contados a partir del d\u00eda siguiente al de la entrada en vigor del Decreto correspondiente para comenzar a expedir las licencias de conducir digitales.\u00a0<\/p>\n\n\n\n<p>Seg\u00fan el tercero transitorio, el titular del Poder Ejecutivo del estado, as\u00ed como los ayuntamientos que cuenten con reglamentaci\u00f3n propia en materia de tr\u00e1nsito, dentro de un plazo no mayor de 90 d\u00edas, deber\u00e1n modificar sus reglamentos a fin de establecer la equivalencia jur\u00eddica en cuanto a la validez de la Licencia de Conducir Digital expedida por la autoridad estatal.\u00a0<\/p>\n\n\n\n<p>Con la adhesi\u00f3n de las diputadas Maribel Ram\u00edrez Topete y Ruth Callejas Rold\u00e1n y de los grupos legislativos del Partido Acci\u00f3n Nacional (PAN) y del Partido Revolucionario Institucional (PRI), esta Iniciativa fue turnada a la Comisi\u00f3n Permanente de Transporte, Tr\u00e1nsito y Vialidad para el tr\u00e1mite correspondiente.<\/p>\n","protected":false},"excerpt":{"rendered":"<p>Jes\u00fas Utrilla \/ NV Noticias El diputado Jaime Enrique de la Garza Mart\u00ednez propuso, mediante una Iniciativa de Decreto que adiciona el Art\u00edculo 52 Bis a la Ley de Tr\u00e1nsito y Transporte para el estado de Veracruz de Ignacio de la Llave, implementar la modalidad de licencias de conducir digitales en la entidad, en uso [&hellip;]<\/p>\n","protected":false},"author":8,"featured_media":56675,"comment_status":"open","ping_status":"open","sticky":false,"template":"","format":"standard","meta":{"_monsterinsights_skip_tracking":false,"_monsterinsights_sitenote_active":false,"_monsterinsights_sitenote_note":"","_monsterinsights_sitenote_category":0,"footnotes":""},"categories":[158],"tags":[4168,565],"class_list":["post-56673","post","type-post","status-publish","format-standard","has-post-thumbnail","hentry","category-politica","tag-digitales","tag-licencias","wp-image-borders"],"amp_enabled":true,"_links":{"self":[{"href":"https:\/\/nvnoticias.mx\/index.php\/wp-json\/wp\/v2\/posts\/56673","targetHints":{"allow":["GET"]}}],"collection":[{"href":"https:\/\/nvnoticias.mx\/index.php\/wp-json\/wp\/v2\/posts"}],"about":[{"href":"https:\/\/nvnoticias.mx\/index.php\/wp-json\/wp\/v2\/types\/post"}],"author":[{"embeddable":true,"href":"https:\/\/nvnoticias.mx\/index.php\/wp-json\/wp\/v2\/users\/8"}],"replies":[{"embeddable":true,"href":"https:\/\/nvnoticias.mx\/index.php\/wp-json\/wp\/v2\/comments?post=56673"}],"version-history":[{"count":1,"href":"https:\/\/nvnoticias.mx\/index.php\/wp-json\/wp\/v2\/posts\/56673\/revisions"}],"predecessor-version":[{"id":56676,"href":"https:\/\/nvnoticias.mx\/index.php\/wp-json\/wp\/v2\/posts\/56673\/revisions\/56676"}],"wp:featuredmedia":[{"embeddable":true,"href":"https:\/\/nvnoticias.mx\/index.php\/wp-json\/wp\/v2\/media\/56675"}],"wp:attachment":[{"href":"https:\/\/nvnoticias.mx\/index.php\/wp-json\/wp\/v2\/media?parent=56673"}],"wp:term":[{"taxonomy":"category","embeddable":true,"href":"https:\/\/nvnoticias.mx\/index.php\/wp-json\/wp\/v2\/categories?post=56673"},{"taxonomy":"post_tag","embeddable":true,"href":"https:\/\/nvnoticias.mx\/index.php\/wp-json\/wp\/v2\/tags?post=56673"}],"curies":[{"name":"wp","href":"https:\/\/api.w.org\/{rel}","templated":true}]}}