{"id":56577,"date":"2022-05-26T12:11:44","date_gmt":"2022-05-26T17:11:44","guid":{"rendered":"https:\/\/nvnoticias.mx\/?p=56577"},"modified":"2022-05-26T12:11:45","modified_gmt":"2022-05-26T17:11:45","slug":"desmienten-presunta-renuncia-de-claudia-sheinbaum-al-gobierno-de-la-cdmx","status":"publish","type":"post","link":"https:\/\/nvnoticias.mx\/index.php\/2022\/05\/26\/desmienten-presunta-renuncia-de-claudia-sheinbaum-al-gobierno-de-la-cdmx\/","title":{"rendered":"Desmienten presunta renuncia de Claudia Sheinbaum al Gobierno de la CDMX"},"content":{"rendered":"\n<p><strong>Sebasti\u00e1n Ram\u00edrez Mendoza<\/strong>, coordinador General de Comunicaci\u00f3n del gobierno capitalino, neg\u00f3 que la\u00a0<strong>Jefa de Gobierno de la CDMX<\/strong>,\u00a0<strong>Claudia Sheinbaum<\/strong>, pretenda renunciar a su cargo en julio pr\u00f3ximo.\u00a0<\/p>\n\n\n\n<p>Lo anterior, luego de que en la columna &#8220;Serpientes y Escaleras&#8221; de\u00a0<strong>Salvador Garc\u00eda Soto<\/strong>\u00a0publicada en\u00a0<strong>EL UNIVERSAL<\/strong>\u00a0se\u00f1alara que la Jefa de Gobierno de la CDMX,\u00a0<strong>Claudia Sheinbaum Pardo, prepara una \u201clicencia\u201d\u00a0<\/strong>que enviar\u00e1 al Congreso local en julio pr\u00f3ximo, para dejar su cargo, fortalecer su imagen y construir su candidatura presidencial.<\/p>\n\n\n\n<p>Ante ello, a trav\u00e9s de su cuenta de Twitter, Ram\u00edrez Mendoza expres\u00f3: &#8220;Sobre las especulaciones en medios de comunicaci\u00f3n y redes sociales sobre la supuesta renuncia de la Jefa de Gobierno @Claudiashein informo que son totalmente falsas&#8221;.&nbsp;<\/p>\n\n\n\n<blockquote class=\"wp-block-quote is-layout-flow wp-block-quote-is-layout-flow\"><p>&#8220;Seguimos 24\/7 para lograr la Ciudad de M\u00e9xico con derechos y bienestar que todas y todos so\u00f1amos&#8221;, a\u00f1adi\u00f3.<\/p><\/blockquote>\n\n\n\n<p>Fuente: <a href=\"https:\/\/www.eluniversal.com.mx\/metropoli\/desmienten-presunta-renuncia-de-claudia-sheinbaum-al-gobierno-de-la-cdmx\" data-type=\"URL\" data-id=\"https:\/\/www.eluniversal.com.mx\/metropoli\/desmienten-presunta-renuncia-de-claudia-sheinbaum-al-gobierno-de-la-cdmx\">El universal<\/a><\/p>\n","protected":false},"excerpt":{"rendered":"<p>Sebasti\u00e1n Ram\u00edrez Mendoza, coordinador General de Comunicaci\u00f3n del gobierno capitalino, neg\u00f3 que la\u00a0Jefa de Gobierno de la CDMX,\u00a0Claudia Sheinbaum, pretenda renunciar a su cargo en julio pr\u00f3ximo.\u00a0 Lo anterior, luego de que en la columna &#8220;Serpientes y Escaleras&#8221; de\u00a0Salvador Garc\u00eda Soto\u00a0publicada en\u00a0EL UNIVERSAL\u00a0se\u00f1alara que la Jefa de Gobierno de la CDMX,\u00a0Claudia Sheinbaum Pardo, prepara una [&hellip;]<\/p>\n","protected":false},"author":35,"featured_media":46474,"comment_status":"open","ping_status":"open","sticky":false,"template":"","format":"standard","meta":{"_monsterinsights_skip_tracking":false,"_monsterinsights_sitenote_active":false,"_monsterinsights_sitenote_note":"","_monsterinsights_sitenote_category":0,"footnotes":""},"categories":[158],"tags":[2801,4134,9553,2078],"class_list":["post-56577","post","type-post","status-publish","format-standard","has-post-thumbnail","hentry","category-politica","tag-claudia-sheinbaum","tag-desmiente","tag-presunta","tag-renuncia","wp-image-borders"],"amp_enabled":true,"_links":{"self":[{"href":"https:\/\/nvnoticias.mx\/index.php\/wp-json\/wp\/v2\/posts\/56577","targetHints":{"allow":["GET"]}}],"collection":[{"href":"https:\/\/nvnoticias.mx\/index.php\/wp-json\/wp\/v2\/posts"}],"about":[{"href":"https:\/\/nvnoticias.mx\/index.php\/wp-json\/wp\/v2\/types\/post"}],"author":[{"embeddable":true,"href":"https:\/\/nvnoticias.mx\/index.php\/wp-json\/wp\/v2\/users\/35"}],"replies":[{"embeddable":true,"href":"https:\/\/nvnoticias.mx\/index.php\/wp-json\/wp\/v2\/comments?post=56577"}],"version-history":[{"count":1,"href":"https:\/\/nvnoticias.mx\/index.php\/wp-json\/wp\/v2\/posts\/56577\/revisions"}],"predecessor-version":[{"id":56578,"href":"https:\/\/nvnoticias.mx\/index.php\/wp-json\/wp\/v2\/posts\/56577\/revisions\/56578"}],"wp:featuredmedia":[{"embeddable":true,"href":"https:\/\/nvnoticias.mx\/index.php\/wp-json\/wp\/v2\/media\/46474"}],"wp:attachment":[{"href":"https:\/\/nvnoticias.mx\/index.php\/wp-json\/wp\/v2\/media?parent=56577"}],"wp:term":[{"taxonomy":"category","embeddable":true,"href":"https:\/\/nvnoticias.mx\/index.php\/wp-json\/wp\/v2\/categories?post=56577"},{"taxonomy":"post_tag","embeddable":true,"href":"https:\/\/nvnoticias.mx\/index.php\/wp-json\/wp\/v2\/tags?post=56577"}],"curies":[{"name":"wp","href":"https:\/\/api.w.org\/{rel}","templated":true}]}}