{"id":56412,"date":"2022-05-25T10:55:08","date_gmt":"2022-05-25T15:55:08","guid":{"rendered":"https:\/\/nvnoticias.mx\/?p=56412"},"modified":"2022-05-25T10:55:09","modified_gmt":"2022-05-25T15:55:09","slug":"critica-delegado-de-bienestar-que-uv-tenga-espacios-limitados-para-nuevo-ingreso","status":"publish","type":"post","link":"https:\/\/nvnoticias.mx\/index.php\/2022\/05\/25\/critica-delegado-de-bienestar-que-uv-tenga-espacios-limitados-para-nuevo-ingreso\/","title":{"rendered":"Critica delegado de Bienestar que UV tenga espacios limitados para nuevo ingreso"},"content":{"rendered":"\n<p><strong>Sam Ojeda | NV Noticias<\/strong><\/p>\n\n\n\n<p>Xalapa.- El delegado federal de programas sociales federales, Manuel Huerta Ladr\u00f3n de Guevara, dijo que es una \u201cdesgracia\u201d que la Universidad Veracruzana (UV) tenga un n\u00famero limitado de espacios para estudiantes de nuevo ingreso porque eso provoca que miles se queden fuera.<\/p>\n\n\n\n<blockquote class=\"wp-block-quote is-layout-flow wp-block-quote-is-layout-flow\"><p>\u201cEs una desgracia que hayan dejado tan lastimado el sector educativo en cuanto a la matr\u00edcula, tengo entendido que concursan casi 50 mil e ingresan 15 mil, de cada 4 que presentan examen uno entra y tres quedan fuera\u201d, dijo.<\/p><\/blockquote>\n\n\n\n<p>Hay que recordar que el rector de la UV, Mart\u00edn Aguilar, reconoci\u00f3 que de los 39 mil 336 aspirantes que presentaron examen el fin de semana pasado solo obtendr\u00e1n espacio 17 mil.<\/p>\n\n\n\n<p>Ante ello, el delegado dijo que esto se debe a la privatizaci\u00f3n de la educaci\u00f3n y la limitaci\u00f3n de las matr\u00edculas en anteriores administraciones.<\/p>\n\n\n\n<blockquote class=\"wp-block-quote is-layout-flow wp-block-quote-is-layout-flow\"><p>\u201cCerraron las matr\u00edculas, privatizaron la educaci\u00f3n y hoy lo que nuestros gobierno quiere es que esto no sea as\u00ed, que todos tengan derecho. La educaci\u00f3n no es privilegio sino un derecho de la gente\u201d.<\/p><\/blockquote>\n\n\n\n<p>Y agreg\u00f3 que por el alto n\u00famero de aspirantes a la UV que no obtendr\u00e1n espacio es posible que se incrementen las inscripciones en las universidades \u201cBenito Ju\u00e1rez\u201d.<\/p>\n","protected":false},"excerpt":{"rendered":"<p>Sam Ojeda | NV Noticias Xalapa.- El delegado federal de programas sociales federales, Manuel Huerta Ladr\u00f3n de Guevara, dijo que es una \u201cdesgracia\u201d que la Universidad Veracruzana (UV) tenga un n\u00famero limitado de espacios para estudiantes de nuevo ingreso porque eso provoca que miles se queden fuera. \u201cEs una desgracia que hayan dejado tan lastimado [&hellip;]<\/p>\n","protected":false},"author":35,"featured_media":7974,"comment_status":"open","ping_status":"open","sticky":false,"template":"","format":"standard","meta":{"_monsterinsights_skip_tracking":false,"_monsterinsights_sitenote_active":false,"_monsterinsights_sitenote_note":"","_monsterinsights_sitenote_category":0,"footnotes":""},"categories":[156],"tags":[6835,12250,13507,13796,15194,15195,1164],"class_list":["post-56412","post","type-post","status-publish","format-standard","has-post-thumbnail","hentry","category-estado","tag-bienestar","tag-critica-2","tag-delegado","tag-espacios","tag-limitados","tag-nuevo-ingreso","tag-uv","wp-image-borders"],"amp_enabled":true,"_links":{"self":[{"href":"https:\/\/nvnoticias.mx\/index.php\/wp-json\/wp\/v2\/posts\/56412","targetHints":{"allow":["GET"]}}],"collection":[{"href":"https:\/\/nvnoticias.mx\/index.php\/wp-json\/wp\/v2\/posts"}],"about":[{"href":"https:\/\/nvnoticias.mx\/index.php\/wp-json\/wp\/v2\/types\/post"}],"author":[{"embeddable":true,"href":"https:\/\/nvnoticias.mx\/index.php\/wp-json\/wp\/v2\/users\/35"}],"replies":[{"embeddable":true,"href":"https:\/\/nvnoticias.mx\/index.php\/wp-json\/wp\/v2\/comments?post=56412"}],"version-history":[{"count":1,"href":"https:\/\/nvnoticias.mx\/index.php\/wp-json\/wp\/v2\/posts\/56412\/revisions"}],"predecessor-version":[{"id":56413,"href":"https:\/\/nvnoticias.mx\/index.php\/wp-json\/wp\/v2\/posts\/56412\/revisions\/56413"}],"wp:featuredmedia":[{"embeddable":true,"href":"https:\/\/nvnoticias.mx\/index.php\/wp-json\/wp\/v2\/media\/7974"}],"wp:attachment":[{"href":"https:\/\/nvnoticias.mx\/index.php\/wp-json\/wp\/v2\/media?parent=56412"}],"wp:term":[{"taxonomy":"category","embeddable":true,"href":"https:\/\/nvnoticias.mx\/index.php\/wp-json\/wp\/v2\/categories?post=56412"},{"taxonomy":"post_tag","embeddable":true,"href":"https:\/\/nvnoticias.mx\/index.php\/wp-json\/wp\/v2\/tags?post=56412"}],"curies":[{"name":"wp","href":"https:\/\/api.w.org\/{rel}","templated":true}]}}