{"id":56369,"date":"2022-05-24T17:06:00","date_gmt":"2022-05-24T22:06:00","guid":{"rendered":"https:\/\/nvnoticias.mx\/?p=56369"},"modified":"2022-05-24T21:07:38","modified_gmt":"2022-05-25T02:07:38","slug":"amlo-reporta-ingreso-anual-de-1-6-mdp-en-2021","status":"publish","type":"post","link":"https:\/\/nvnoticias.mx\/index.php\/2022\/05\/24\/amlo-reporta-ingreso-anual-de-1-6-mdp-en-2021\/","title":{"rendered":"AMLO reporta ingreso anual de 1.6 mdp en 2021"},"content":{"rendered":"\n<p>El presidente Andr\u00e9s Manuel L\u00f3pez Obrador report\u00f3 un ingreso anual neto de un mill\u00f3n 628 mil 717 pesos en el 2021, al presentar su declaraci\u00f3n de situaci\u00f3n patrimonial y de intereses.<\/p>\n\n\n\n<p>En su \u00faltima declaraci\u00f3n presentada a la Secretar\u00eda de la Funci\u00f3n P\u00fablica (SFP), el mandatario se\u00f1al\u00f3 que en el 2020 tuvo un ingreso neto de un mill\u00f3n 567 mil 400 pesos, es decir, 61 mil 317 pesos menos. <\/p>\n\n\n\n<p>En el documento \u2013 con fecha del 23 de mayo de este a\u00f1o \u2013 el mandatario declar\u00f3 que no tuvo otros ingresos por actividades financieras, servicios profesionales, consejos, consultor\u00edas o asesor\u00edas o enajenaci\u00f3n de bienes. <\/p>\n\n\n\n<p>Mediante la plataforma Declaranet, L\u00f3pez Obrador se\u00f1al\u00f3 que tampoco obtuvo recursos por capital o fondos de inversi\u00f3n, organizaciones privadas o seguro de separaci\u00f3n individualizado, ni por valores burs\u00e1tiles o bonos. <\/p>\n\n\n\n<p>El jefe del Ejecutivo federal no report\u00f3 la adquisici\u00f3n de bienes inmuebles ni veh\u00edculos durante el a\u00f1o pasado. <\/p>\n\n\n\n<p>En cuanto a inversiones, cuentas bancarias y otro tipo de valores, el Presidente expuso que tiene cuentas en Afirme Grupo Financiero y en Banco Mercantil del Norte, mientras que tambi\u00e9n document\u00f3 su afore con Pensionissste. <\/p>\n\n\n\n<p>En experiencia laboral, L\u00f3pez Obrador report\u00f3 que fue presidente del Comit\u00e9 Ejecutivo Nacional de Morena (del 20 de noviembre 11 de 2015 al 30 de noviembre de 2018), presidente del Consejo Nacional de Morena (del 20 de noviembre de 2012 al 19 de noviembre de 2015), y jefe de gobierno del Distrito Federal (del 5 de diciembre 12 del 2000 al 29 de julio de 2005). <\/p>\n\n\n\n<p>Fuente: <a href=\"https:\/\/www.milenio.com\/politica\/amlo-reporta-ingreso-anual-1-6-mdp-2021\">Milenio<\/a><\/p>\n","protected":false},"excerpt":{"rendered":"<p>El presidente Andr\u00e9s Manuel L\u00f3pez Obrador report\u00f3 un ingreso anual neto de un mill\u00f3n 628 mil 717 pesos en el 2021, al presentar su declaraci\u00f3n de situaci\u00f3n patrimonial y de intereses. En su \u00faltima declaraci\u00f3n presentada a la Secretar\u00eda de la Funci\u00f3n P\u00fablica (SFP), el mandatario se\u00f1al\u00f3 que en el 2020 tuvo un ingreso neto [&hellip;]<\/p>\n","protected":false},"author":8,"featured_media":55799,"comment_status":"open","ping_status":"open","sticky":false,"template":"","format":"standard","meta":{"_monsterinsights_skip_tracking":false,"_monsterinsights_sitenote_active":false,"_monsterinsights_sitenote_note":"","_monsterinsights_sitenote_category":0,"footnotes":""},"categories":[158],"tags":[197,188,15187,162],"class_list":["post-56369","post","type-post","status-publish","format-standard","has-post-thumbnail","hentry","category-politica","tag-197","tag-amlo","tag-ingreso-anual","tag-portada","wp-image-borders"],"amp_enabled":true,"_links":{"self":[{"href":"https:\/\/nvnoticias.mx\/index.php\/wp-json\/wp\/v2\/posts\/56369","targetHints":{"allow":["GET"]}}],"collection":[{"href":"https:\/\/nvnoticias.mx\/index.php\/wp-json\/wp\/v2\/posts"}],"about":[{"href":"https:\/\/nvnoticias.mx\/index.php\/wp-json\/wp\/v2\/types\/post"}],"author":[{"embeddable":true,"href":"https:\/\/nvnoticias.mx\/index.php\/wp-json\/wp\/v2\/users\/8"}],"replies":[{"embeddable":true,"href":"https:\/\/nvnoticias.mx\/index.php\/wp-json\/wp\/v2\/comments?post=56369"}],"version-history":[{"count":1,"href":"https:\/\/nvnoticias.mx\/index.php\/wp-json\/wp\/v2\/posts\/56369\/revisions"}],"predecessor-version":[{"id":56370,"href":"https:\/\/nvnoticias.mx\/index.php\/wp-json\/wp\/v2\/posts\/56369\/revisions\/56370"}],"wp:featuredmedia":[{"embeddable":true,"href":"https:\/\/nvnoticias.mx\/index.php\/wp-json\/wp\/v2\/media\/55799"}],"wp:attachment":[{"href":"https:\/\/nvnoticias.mx\/index.php\/wp-json\/wp\/v2\/media?parent=56369"}],"wp:term":[{"taxonomy":"category","embeddable":true,"href":"https:\/\/nvnoticias.mx\/index.php\/wp-json\/wp\/v2\/categories?post=56369"},{"taxonomy":"post_tag","embeddable":true,"href":"https:\/\/nvnoticias.mx\/index.php\/wp-json\/wp\/v2\/tags?post=56369"}],"curies":[{"name":"wp","href":"https:\/\/api.w.org\/{rel}","templated":true}]}}