{"id":56360,"date":"2022-05-24T13:09:00","date_gmt":"2022-05-24T18:09:00","guid":{"rendered":"https:\/\/nvnoticias.mx\/?p=56360"},"modified":"2022-05-24T17:10:59","modified_gmt":"2022-05-24T22:10:59","slug":"reflexiones-por-la-manana","status":"publish","type":"post","link":"https:\/\/nvnoticias.mx\/index.php\/2022\/05\/24\/reflexiones-por-la-manana\/","title":{"rendered":"Reflexiones por la ma\u00f1ana&#8230;"},"content":{"rendered":"\n<p class=\"has-text-align-right\"><strong>Por: Mois\u00e9s Hern\u00e1ndez Yoldi<\/strong><\/p>\n\n\n\n<p>A favor de privilegiar el di\u00e1logo sin claudicar en los principios. <\/p>\n\n\n\n<p>En contra de la sumisi\u00f3n y la abyecci\u00f3n ante la soberbia y prepotencia del poder pol\u00edtico. No caigamos en el juego perverso que busca dividir sembrando dudas basadas en la mentira y la difamaci\u00f3n. <\/p>\n\n\n\n<p>El pasado viernes el gobernador de Veracruz se reuni\u00f3 con un grupo de empresarios del sector tur\u00edstico, el enlace de ese encuentro fue mi buen amigo Daniel Mart\u00edn Lois, quien intenta ser el puente entre la maltratada clase empresarial y el gobernador en turno. <\/p>\n\n\n\n<p>El tema central de la reuni\u00f3n fue la extinci\u00f3n del Fideicomiso del Acuario de Veracruz, mediante un decreto emitido por el propio gobernador. <\/p>\n\n\n\n<p>Celebro el encuentro y reconozco la voluntad de quienes asistieron para sentarse a dialogar. <\/p>\n\n\n\n<p>Al mismo tiempo lamento que en esta reuni\u00f3n el gobernador haya insistido en sembrar dudas a trav\u00e9s de verdades a medias, haciendo uso de la difamaci\u00f3n, la diatriba y la mentira. <\/p>\n\n\n\n<p>Pero m\u00e1s lamento que los empresarios que participaron hayan dejado pasar la oportunidad para poner sobre la mesa y expresar sus inconformidades sobre varios temas en donde han sido ignorados y maltratados por el gobierno en turno. <\/p>\n\n\n\n<p>Es verdad, Veracruz ha sido victima de una clase pol\u00edtica corrupta y mezquina, pero tambi\u00e9n de una clase empresarial sumisa y abyecta. <\/p>\n\n\n\n<p>Un sector empresarial dividido es lo que busca el actual gobierno, y pareciera que lo est\u00e1 logrando. <\/p>\n\n\n\n<p>Es momento de elevar la mirada y actuar con responsabilidad pensando en el bien superior. <\/p>\n\n\n\n<p>Quienes asumen la responsabilidad de dirigir organismos empresariales se comprometen a defender los intereses de sus agremiados, no a usar esos espacios para beneficio propio, mucho menos para servir de instrumentos de manipulaci\u00f3n. <\/p>\n\n\n\n<p>Aquellos que acceden al poder por la v\u00eda democr\u00e1tica, deben entender que estar\u00e1n expuestos y sometidos al escrutinio p\u00fablico de manera permanente. <\/p>\n\n\n\n<p>En ese sentido, los l\u00edderes empresariales y los organismos que representan, deben asumirse como contrapesos. Hagamos lo que nos toca.<\/p>\n","protected":false},"excerpt":{"rendered":"<p>Por: Mois\u00e9s Hern\u00e1ndez Yoldi A favor de privilegiar el di\u00e1logo sin claudicar en los principios. En contra de la sumisi\u00f3n y la abyecci\u00f3n ante la soberbia y prepotencia del poder pol\u00edtico. No caigamos en el juego perverso que busca dividir sembrando dudas basadas en la mentira y la difamaci\u00f3n. El pasado viernes el gobernador de [&hellip;]<\/p>\n","protected":false},"author":11,"featured_media":56361,"comment_status":"open","ping_status":"open","sticky":false,"template":"","format":"standard","meta":{"_monsterinsights_skip_tracking":false,"_monsterinsights_sitenote_active":false,"_monsterinsights_sitenote_note":"","_monsterinsights_sitenote_category":0,"footnotes":""},"categories":[429],"tags":[430],"class_list":["post-56360","post","type-post","status-publish","format-standard","has-post-thumbnail","hentry","category-artillero","tag-moises-hernandez-yoldi","wp-image-borders"],"amp_enabled":true,"_links":{"self":[{"href":"https:\/\/nvnoticias.mx\/index.php\/wp-json\/wp\/v2\/posts\/56360","targetHints":{"allow":["GET"]}}],"collection":[{"href":"https:\/\/nvnoticias.mx\/index.php\/wp-json\/wp\/v2\/posts"}],"about":[{"href":"https:\/\/nvnoticias.mx\/index.php\/wp-json\/wp\/v2\/types\/post"}],"author":[{"embeddable":true,"href":"https:\/\/nvnoticias.mx\/index.php\/wp-json\/wp\/v2\/users\/11"}],"replies":[{"embeddable":true,"href":"https:\/\/nvnoticias.mx\/index.php\/wp-json\/wp\/v2\/comments?post=56360"}],"version-history":[{"count":2,"href":"https:\/\/nvnoticias.mx\/index.php\/wp-json\/wp\/v2\/posts\/56360\/revisions"}],"predecessor-version":[{"id":56364,"href":"https:\/\/nvnoticias.mx\/index.php\/wp-json\/wp\/v2\/posts\/56360\/revisions\/56364"}],"wp:featuredmedia":[{"embeddable":true,"href":"https:\/\/nvnoticias.mx\/index.php\/wp-json\/wp\/v2\/media\/56361"}],"wp:attachment":[{"href":"https:\/\/nvnoticias.mx\/index.php\/wp-json\/wp\/v2\/media?parent=56360"}],"wp:term":[{"taxonomy":"category","embeddable":true,"href":"https:\/\/nvnoticias.mx\/index.php\/wp-json\/wp\/v2\/categories?post=56360"},{"taxonomy":"post_tag","embeddable":true,"href":"https:\/\/nvnoticias.mx\/index.php\/wp-json\/wp\/v2\/tags?post=56360"}],"curies":[{"name":"wp","href":"https:\/\/api.w.org\/{rel}","templated":true}]}}