{"id":56350,"date":"2022-05-24T15:37:29","date_gmt":"2022-05-24T20:37:29","guid":{"rendered":"https:\/\/nvnoticias.mx\/?p=56350"},"modified":"2022-05-24T15:37:30","modified_gmt":"2022-05-24T20:37:30","slug":"atiende-alcalde-solicitudes-de-locatarios-de-la-rotonda","status":"publish","type":"post","link":"https:\/\/nvnoticias.mx\/index.php\/2022\/05\/24\/atiende-alcalde-solicitudes-de-locatarios-de-la-rotonda\/","title":{"rendered":"Atiende Alcalde solicitudes de locatarios de La Rotonda"},"content":{"rendered":"\n<p>Xalapa, Ver.- Para atender de manera integral las necesidades inmediatas del mercado Adolfo Ruiz Cortines \u201cLa Rotonda\u201d, el presidente municipal Ricardo Ahued Bardahuil encabez\u00f3 una reuni\u00f3n con integrantes del Patronato de este importante espacio comercial.<\/p>\n\n\n\n<p>Acompa\u00f1ado por el regidor Daniel Fern\u00e1ndez Carri\u00f3n, el Edil instruy\u00f3 la realizaci\u00f3n de un proyecto ejecutivo dise\u00f1ado para atender de forma integral la red de agua potable y drenaje del mercado, adem\u00e1s de la remodelaci\u00f3n del \u00e1rea de sanitarios, mismo que deber\u00e1 ser socializado con las y los locatarios para que sean los beneficiarios directos quienes lo validen.<\/p>\n\n\n\n<p>Tambi\u00e9n escuch\u00f3 diversos planteamientos relacionados con el comercio informal en la zona, la rehabilitaci\u00f3n de espacios que actualmente se encuentran en desuso y la intervenci\u00f3n ante la Direcci\u00f3n General de Tr\u00e1nsito y Seguridad Vial para atender distintas problem\u00e1ticas que actualmente se viven en el \u00e1rea.<\/p>\n\n\n\n<p>Acompa\u00f1aron la reuni\u00f3n, el secretario del Ayuntamiento, Ram\u00f3n Antonio Ramos Niembro, as\u00ed como funcionariado representante de la Direcci\u00f3n de Desarrollo Econ\u00f3mico.<\/p>\n\n\n\n<figure class=\"wp-block-image size-large\"><img loading=\"lazy\" decoding=\"async\" width=\"1024\" height=\"683\" src=\"https:\/\/nvnoticias.mx\/wp-content\/uploads\/2022\/05\/WhatsApp-Image-2022-05-24-at-3.27.24-PM-1024x683.jpeg\" alt=\"\" class=\"wp-image-56351\" srcset=\"https:\/\/nvnoticias.mx\/wp-content\/uploads\/2022\/05\/WhatsApp-Image-2022-05-24-at-3.27.24-PM-1024x683.jpeg 1024w, https:\/\/nvnoticias.mx\/wp-content\/uploads\/2022\/05\/WhatsApp-Image-2022-05-24-at-3.27.24-PM-300x200.jpeg 300w, https:\/\/nvnoticias.mx\/wp-content\/uploads\/2022\/05\/WhatsApp-Image-2022-05-24-at-3.27.24-PM-768x512.jpeg 768w, https:\/\/nvnoticias.mx\/wp-content\/uploads\/2022\/05\/WhatsApp-Image-2022-05-24-at-3.27.24-PM.jpeg 1531w\" sizes=\"auto, (max-width: 1024px) 100vw, 1024px\" \/><\/figure>\n","protected":false},"excerpt":{"rendered":"<p>Xalapa, Ver.- Para atender de manera integral las necesidades inmediatas del mercado Adolfo Ruiz Cortines \u201cLa Rotonda\u201d, el presidente municipal Ricardo Ahued Bardahuil encabez\u00f3 una reuni\u00f3n con integrantes del Patronato de este importante espacio comercial. Acompa\u00f1ado por el regidor Daniel Fern\u00e1ndez Carri\u00f3n, el Edil instruy\u00f3 la realizaci\u00f3n de un proyecto ejecutivo dise\u00f1ado para atender de [&hellip;]<\/p>\n","protected":false},"author":8,"featured_media":56352,"comment_status":"open","ping_status":"open","sticky":false,"template":"","format":"standard","meta":{"_monsterinsights_skip_tracking":false,"_monsterinsights_sitenote_active":false,"_monsterinsights_sitenote_note":"","_monsterinsights_sitenote_category":0,"footnotes":""},"categories":[156],"tags":[559,10635,2925,1086,312],"class_list":["post-56350","post","type-post","status-publish","format-standard","has-post-thumbnail","hentry","category-estado","tag-alcalde","tag-la-rotonda","tag-locatarios","tag-ricardo-ahued","tag-xalapa","wp-image-borders"],"amp_enabled":true,"_links":{"self":[{"href":"https:\/\/nvnoticias.mx\/index.php\/wp-json\/wp\/v2\/posts\/56350","targetHints":{"allow":["GET"]}}],"collection":[{"href":"https:\/\/nvnoticias.mx\/index.php\/wp-json\/wp\/v2\/posts"}],"about":[{"href":"https:\/\/nvnoticias.mx\/index.php\/wp-json\/wp\/v2\/types\/post"}],"author":[{"embeddable":true,"href":"https:\/\/nvnoticias.mx\/index.php\/wp-json\/wp\/v2\/users\/8"}],"replies":[{"embeddable":true,"href":"https:\/\/nvnoticias.mx\/index.php\/wp-json\/wp\/v2\/comments?post=56350"}],"version-history":[{"count":1,"href":"https:\/\/nvnoticias.mx\/index.php\/wp-json\/wp\/v2\/posts\/56350\/revisions"}],"predecessor-version":[{"id":56353,"href":"https:\/\/nvnoticias.mx\/index.php\/wp-json\/wp\/v2\/posts\/56350\/revisions\/56353"}],"wp:featuredmedia":[{"embeddable":true,"href":"https:\/\/nvnoticias.mx\/index.php\/wp-json\/wp\/v2\/media\/56352"}],"wp:attachment":[{"href":"https:\/\/nvnoticias.mx\/index.php\/wp-json\/wp\/v2\/media?parent=56350"}],"wp:term":[{"taxonomy":"category","embeddable":true,"href":"https:\/\/nvnoticias.mx\/index.php\/wp-json\/wp\/v2\/categories?post=56350"},{"taxonomy":"post_tag","embeddable":true,"href":"https:\/\/nvnoticias.mx\/index.php\/wp-json\/wp\/v2\/tags?post=56350"}],"curies":[{"name":"wp","href":"https:\/\/api.w.org\/{rel}","templated":true}]}}