{"id":56099,"date":"2022-05-23T16:32:43","date_gmt":"2022-05-23T21:32:43","guid":{"rendered":"https:\/\/nvnoticias.mx\/?p=56099"},"modified":"2022-05-23T16:32:44","modified_gmt":"2022-05-23T21:32:44","slug":"contraen-matrimonio-kourtney-kardashian-y-travis-barker-en-italia","status":"publish","type":"post","link":"https:\/\/nvnoticias.mx\/index.php\/2022\/05\/23\/contraen-matrimonio-kourtney-kardashian-y-travis-barker-en-italia\/","title":{"rendered":"Contraen matrimonio Kourtney Kardashian y Travis Barker en Italia"},"content":{"rendered":"\n<p>Una bella historia de amor es la que est\u00e1n viviendo\u00a0Travis Barker y Kourtney Kardashian,\u00a0quienes la ma\u00f1ana de este 22 de mayo unieron sus vidas en una\u00a0boda de ensue\u00f1o, en Portofino, Italia.<\/p>\n\n\n\n<p> La pareja se cas\u00f3 en una exclusiva terraza al aire libre decorada por completo con rosas rojas, alfombras del mismo tono y un altar repleto de velas; adem\u00e1s estuvieron acompa\u00f1ados por sus hijos y el clan\u00a0Kardashian Jenner.\u00a0<\/p>\n\n\n\n<p>Aunque la ceremonia fue espectacular, la fiesta no se qued\u00f3 atr\u00e1s y como era de esperartse la novia se rob\u00f3 toda la atenci\u00f3n, pues decidi\u00f3 cambiar su sensual vestido blanco por uno mucho m\u00e1s atrevido y en color negro, que iba a juego con unas medias y una chamarra que dec\u00eda Mrs. Barker.<\/p>\n\n\n\n<p>Pero por si eso fuera poco, la pareja pudo bailar por primera vez como marido y mujer con la voz de uno de los artistas m\u00e1s importantes, el tenor italiano Andrea Bocelli, quien cant\u00f3, en vivo el tema &#8220;Can&#8217;t Help Falling in Love&#8221;. El hijo del tenor, Matteo Bocelli, tambi\u00e9n interpret\u00f3 algunas piezas para los novios.<\/p>\n\n\n\n<p>Aunque hab\u00eda decenas de invitados, ellos estaban solos en su burbuja, disfrutando de cada instante juntos, una muestra de que las nuevas oportunidades en el amor pueden ser exitosas.&nbsp;<\/p>\n\n\n\n<p>La ceremonia se realiz\u00f3 en el Castello Brown, un mirador militar del siglo XIII, mientars que la recepci\u00f3n tuvo lugar en la finca Dolce &amp; Gabbana, marca que adem\u00e1s fue la encargada de dise\u00f1ar el vestuario de Kourtney y de vestir a toda la familia Kardashian.\u00a0<\/p>\n\n\n\n<p>Fuente: <a href=\"https:\/\/www.eluniversal.com.mx\/espectaculos\/asi-fue-la-espectacular-boda-de-kourtney-kardashian-y-travis-barker-en-italia\" data-type=\"URL\" data-id=\"https:\/\/www.eluniversal.com.mx\/espectaculos\/asi-fue-la-espectacular-boda-de-kourtney-kardashian-y-travis-barker-en-italia\">El Universal<\/a><\/p>\n","protected":false},"excerpt":{"rendered":"<p>Una bella historia de amor es la que est\u00e1n viviendo\u00a0Travis Barker y Kourtney Kardashian,\u00a0quienes la ma\u00f1ana de este 22 de mayo unieron sus vidas en una\u00a0boda de ensue\u00f1o, en Portofino, Italia. La pareja se cas\u00f3 en una exclusiva terraza al aire libre decorada por completo con rosas rojas, alfombras del mismo tono y un altar [&hellip;]<\/p>\n","protected":false},"author":35,"featured_media":56100,"comment_status":"open","ping_status":"open","sticky":false,"template":"","format":"standard","meta":{"_monsterinsights_skip_tracking":false,"_monsterinsights_sitenote_active":false,"_monsterinsights_sitenote_note":"","_monsterinsights_sitenote_category":0,"footnotes":""},"categories":[576],"tags":[13230,864,6663,6665],"class_list":["post-56099","post","type-post","status-publish","format-standard","has-post-thumbnail","hentry","category-ocio","tag-contraen","tag-italia","tag-kourtney-kardashian","tag-travis-barker","wp-image-borders"],"amp_enabled":true,"_links":{"self":[{"href":"https:\/\/nvnoticias.mx\/index.php\/wp-json\/wp\/v2\/posts\/56099","targetHints":{"allow":["GET"]}}],"collection":[{"href":"https:\/\/nvnoticias.mx\/index.php\/wp-json\/wp\/v2\/posts"}],"about":[{"href":"https:\/\/nvnoticias.mx\/index.php\/wp-json\/wp\/v2\/types\/post"}],"author":[{"embeddable":true,"href":"https:\/\/nvnoticias.mx\/index.php\/wp-json\/wp\/v2\/users\/35"}],"replies":[{"embeddable":true,"href":"https:\/\/nvnoticias.mx\/index.php\/wp-json\/wp\/v2\/comments?post=56099"}],"version-history":[{"count":1,"href":"https:\/\/nvnoticias.mx\/index.php\/wp-json\/wp\/v2\/posts\/56099\/revisions"}],"predecessor-version":[{"id":56101,"href":"https:\/\/nvnoticias.mx\/index.php\/wp-json\/wp\/v2\/posts\/56099\/revisions\/56101"}],"wp:featuredmedia":[{"embeddable":true,"href":"https:\/\/nvnoticias.mx\/index.php\/wp-json\/wp\/v2\/media\/56100"}],"wp:attachment":[{"href":"https:\/\/nvnoticias.mx\/index.php\/wp-json\/wp\/v2\/media?parent=56099"}],"wp:term":[{"taxonomy":"category","embeddable":true,"href":"https:\/\/nvnoticias.mx\/index.php\/wp-json\/wp\/v2\/categories?post=56099"},{"taxonomy":"post_tag","embeddable":true,"href":"https:\/\/nvnoticias.mx\/index.php\/wp-json\/wp\/v2\/tags?post=56099"}],"curies":[{"name":"wp","href":"https:\/\/api.w.org\/{rel}","templated":true}]}}