{"id":56092,"date":"2022-05-23T16:25:38","date_gmt":"2022-05-23T21:25:38","guid":{"rendered":"https:\/\/nvnoticias.mx\/?p=56092"},"modified":"2022-05-23T16:25:39","modified_gmt":"2022-05-23T21:25:39","slug":"invita-ayuntamiento-a-celebrar-xvi-aniversario-del-museo-casa-de-xalapa","status":"publish","type":"post","link":"https:\/\/nvnoticias.mx\/index.php\/2022\/05\/23\/invita-ayuntamiento-a-celebrar-xvi-aniversario-del-museo-casa-de-xalapa\/","title":{"rendered":"Invita Ayuntamiento a celebrar XVI aniversario del Museo Casa de Xalapa"},"content":{"rendered":"\n<p>Xalapa, Ver.- Para celebrar el XVI aniversario del Museo Casa de Xalapa (Muxa), el Ayuntamiento, a trav\u00e9s de la Direcci\u00f3n de Cultura, invita a disfrutar del programa \u201cHistorias que contar de Xalapa\u201d, del 24 al 27 de mayo.<\/p>\n\n\n\n<p>El 24 de mayo a las 12:00 horas, se tiene programado el evento \u201cCharla entre amigas xalape\u00f1as\u201d, que contar\u00e1 con la participaci\u00f3n de Leticia Casillas Cruz, Marisa Paseiro y Alejandra Hern\u00e1ndez M\u00e9ndez Palacios; a las 18:00 horas se tendr\u00e1 la \u201cCharla entre amigos xalape\u00f1os\u201d, con \u00c1ngel Rafael Mart\u00ednez e Iv\u00e1n Hern\u00e1ndez Ferrer.<\/p>\n\n\n\n<p>El mi\u00e9rcoles 25 de mayo, al mediod\u00eda, se desarrollar\u00e1 el conversatorio \u201cLos barrios del pueblo\/villa de Xalapa, 1600-1830, una historia por rescatar\u201d, con la participaci\u00f3n de Paulo C\u00e9sar L\u00f3pez Romero, Juan Arriaga Romero y Luis \u00c1ngel Garc\u00eda Nostroza.<\/p>\n\n\n\n<p>El jueves 26 a las 12:00 horas, bajo la coordinaci\u00f3n de Rebeca Bouchez G\u00f3mez, se llevar\u00e1 a cabo la charla \u201cVida y an\u00e9cdotas de Juanote\u201d, con Roy Dubley, Vicente Espino Jara, Mario Navarrete Hern\u00e1ndez y Jorge D\u00edaz Bartolom\u00e9.<\/p>\n\n\n\n<p>La proyecci\u00f3n del documental \u201cM\u00fasica, piedra y acero\u201d del director Carlos Garc\u00eda Aguilar, se realizar\u00e1 el jueves 26 de mayo a las 18:00 horas, con comentarios de Gustavo Vega.<\/p>\n\n\n\n<p>El viernes 27 de mayo a las 18:00 horas, se cierra el evento con la conferencia magistral \u201cConvento Franciscano de Xalapa (1531-1886)\u201d, con la moderaci\u00f3n de Olivia Dom\u00ednguez P\u00e9rez. Tambi\u00e9n se entregar\u00e1 un reconocimiento al doctor Rub\u00e9n Morante L\u00f3pez, muse\u00f3grafo de la exposici\u00f3n que se puede visitar en el Muxa hasta el 31 de diciembre de 2022, de martes a domingo de 10:00 a 19:00 horas.<\/p>\n\n\n\n<p>Todas las actividades se desarrollar\u00e1n en el Museo Casa de Xalapa, que se ubica en la calle J.J. Herrera n\u00famero 7, Centro Hist\u00f3rico.<\/p>\n\n\n\n<figure class=\"wp-block-image size-large\"><img loading=\"lazy\" decoding=\"async\" width=\"1024\" height=\"622\" src=\"https:\/\/nvnoticias.mx\/wp-content\/uploads\/2022\/05\/WhatsApp-Image-2022-05-23-at-4.08.38-PM-1024x622.jpeg\" alt=\"\" class=\"wp-image-56096\" srcset=\"https:\/\/nvnoticias.mx\/wp-content\/uploads\/2022\/05\/WhatsApp-Image-2022-05-23-at-4.08.38-PM-1024x622.jpeg 1024w, https:\/\/nvnoticias.mx\/wp-content\/uploads\/2022\/05\/WhatsApp-Image-2022-05-23-at-4.08.38-PM-300x182.jpeg 300w, https:\/\/nvnoticias.mx\/wp-content\/uploads\/2022\/05\/WhatsApp-Image-2022-05-23-at-4.08.38-PM-768x466.jpeg 768w, https:\/\/nvnoticias.mx\/wp-content\/uploads\/2022\/05\/WhatsApp-Image-2022-05-23-at-4.08.38-PM.jpeg 1280w\" sizes=\"auto, (max-width: 1024px) 100vw, 1024px\" \/><\/figure>\n\n\n\n<figure class=\"wp-block-image size-large\"><img loading=\"lazy\" decoding=\"async\" width=\"1024\" height=\"668\" src=\"https:\/\/nvnoticias.mx\/wp-content\/uploads\/2022\/05\/WhatsApp-Image-2022-05-23-at-4.08.39-PM-1-1024x668.jpeg\" alt=\"\" class=\"wp-image-56094\" srcset=\"https:\/\/nvnoticias.mx\/wp-content\/uploads\/2022\/05\/WhatsApp-Image-2022-05-23-at-4.08.39-PM-1-1024x668.jpeg 1024w, https:\/\/nvnoticias.mx\/wp-content\/uploads\/2022\/05\/WhatsApp-Image-2022-05-23-at-4.08.39-PM-1-300x196.jpeg 300w, https:\/\/nvnoticias.mx\/wp-content\/uploads\/2022\/05\/WhatsApp-Image-2022-05-23-at-4.08.39-PM-1-768x501.jpeg 768w, https:\/\/nvnoticias.mx\/wp-content\/uploads\/2022\/05\/WhatsApp-Image-2022-05-23-at-4.08.39-PM-1.jpeg 1280w\" sizes=\"auto, (max-width: 1024px) 100vw, 1024px\" \/><\/figure>\n","protected":false},"excerpt":{"rendered":"<p>Xalapa, Ver.- Para celebrar el XVI aniversario del Museo Casa de Xalapa (Muxa), el Ayuntamiento, a trav\u00e9s de la Direcci\u00f3n de Cultura, invita a disfrutar del programa \u201cHistorias que contar de Xalapa\u201d, del 24 al 27 de mayo. El 24 de mayo a las 12:00 horas, se tiene programado el evento \u201cCharla entre amigas xalape\u00f1as\u201d, [&hellip;]<\/p>\n","protected":false},"author":35,"featured_media":56095,"comment_status":"open","ping_status":"open","sticky":false,"template":"","format":"standard","meta":{"_monsterinsights_skip_tracking":false,"_monsterinsights_sitenote_active":false,"_monsterinsights_sitenote_note":"","_monsterinsights_sitenote_category":0,"footnotes":""},"categories":[156],"tags":[366,14237,13631,15139,15138],"class_list":["post-56092","post","type-post","status-publish","format-standard","has-post-thumbnail","hentry","category-estado","tag-ayuntamiento","tag-celebrar","tag-invita","tag-museo-casa-de-xalapa","tag-xvi-aniversario","wp-image-borders"],"amp_enabled":true,"_links":{"self":[{"href":"https:\/\/nvnoticias.mx\/index.php\/wp-json\/wp\/v2\/posts\/56092","targetHints":{"allow":["GET"]}}],"collection":[{"href":"https:\/\/nvnoticias.mx\/index.php\/wp-json\/wp\/v2\/posts"}],"about":[{"href":"https:\/\/nvnoticias.mx\/index.php\/wp-json\/wp\/v2\/types\/post"}],"author":[{"embeddable":true,"href":"https:\/\/nvnoticias.mx\/index.php\/wp-json\/wp\/v2\/users\/35"}],"replies":[{"embeddable":true,"href":"https:\/\/nvnoticias.mx\/index.php\/wp-json\/wp\/v2\/comments?post=56092"}],"version-history":[{"count":1,"href":"https:\/\/nvnoticias.mx\/index.php\/wp-json\/wp\/v2\/posts\/56092\/revisions"}],"predecessor-version":[{"id":56098,"href":"https:\/\/nvnoticias.mx\/index.php\/wp-json\/wp\/v2\/posts\/56092\/revisions\/56098"}],"wp:featuredmedia":[{"embeddable":true,"href":"https:\/\/nvnoticias.mx\/index.php\/wp-json\/wp\/v2\/media\/56095"}],"wp:attachment":[{"href":"https:\/\/nvnoticias.mx\/index.php\/wp-json\/wp\/v2\/media?parent=56092"}],"wp:term":[{"taxonomy":"category","embeddable":true,"href":"https:\/\/nvnoticias.mx\/index.php\/wp-json\/wp\/v2\/categories?post=56092"},{"taxonomy":"post_tag","embeddable":true,"href":"https:\/\/nvnoticias.mx\/index.php\/wp-json\/wp\/v2\/tags?post=56092"}],"curies":[{"name":"wp","href":"https:\/\/api.w.org\/{rel}","templated":true}]}}