{"id":56086,"date":"2022-05-23T16:01:25","date_gmt":"2022-05-23T21:01:25","guid":{"rendered":"https:\/\/nvnoticias.mx\/?p=56086"},"modified":"2022-05-23T16:01:26","modified_gmt":"2022-05-23T21:01:26","slug":"expropiacion-del-acuario-de-veracruz","status":"publish","type":"post","link":"https:\/\/nvnoticias.mx\/index.php\/2022\/05\/23\/expropiacion-del-acuario-de-veracruz\/","title":{"rendered":"Expropiaci\u00f3n del Acuario de Veracruz"},"content":{"rendered":"\n<p><strong>Ricardo Homs<\/strong><\/p>\n\n\n\n<p>Muy extra\u00f1a la rapidez con que el gobierno del Estado de\u00a0Veracruz\u00a0se apropi\u00f3 del acuario, que -desde su inauguraci\u00f3n en 1992, hace treinta a\u00f1os-, fue administrado de forma impecable por un consejo de administraci\u00f3n conformado por personas honorables y muy destacadas de la sociedad veracruzana, sin intervenci\u00f3n directa de ning\u00fan tipo de autoridad gubernamental.<\/p>\n\n\n\n<p>Quienes a lo largo de estos treinta a\u00f1os supervisaron su administraci\u00f3n, -profesionales de gran experiencia -, jam\u00e1s cobraron por participar en este consejo de tipo ciudadano. Por ello, la salud financiera del acuario siempre fue extraordinaria y transparente.<\/p>\n\n\n\n<p>Por tanto, su rentabilidad siempre fue una tentaci\u00f3n para los gobiernos locales, -que sin embargo-, respetaron su autonom\u00eda operativa y financiera. Los ingresos del acuario siempre se utilizaron para el mantenimiento del mismo y nadie se benefici\u00f3 de ese capital. Los \u00fanicos que percib\u00edan salario eran los trabajadores y ejecutivos que se dedicaban de tiempo completo a operarlo.<\/p>\n\n\n\n<p>De este modo el acuario logr\u00f3 generar un importante patrimonio.<\/p>\n\n\n\n<p>Sin embargo, ahora, a treinta a\u00f1os de su inauguraci\u00f3n, -argumentando irresponsabilidad de los funcionarios a cargo del acuario en la muerte de un manat\u00ed-, el gobierno del estado public\u00f3 el decreto de desaparici\u00f3n del\u00a0fideicomiso, el cual fue dado a conocer en el n\u00famero 192 de la Gaceta Oficial del Estado de Veracruz, con car\u00e1cter de n\u00famero extraordinario. \u00bfPor qu\u00e9 la prisa?<\/p>\n\n\n\n<p>Con toda seguridad el objetivo principal de esta expropiaci\u00f3n gubernamental con sabor a despojo para la sociedad veracruzana es la alta rentabilidad de su operaci\u00f3n, derivada de un manejo impecable de sus finanzas y honestidad de quienes han pasado por el Consejo de Administraci\u00f3n durante estos treinta a\u00f1os.<\/p>\n\n\n\n<p>Seg\u00fan dio a conocer\u00a0Jaime Rivero Mantec\u00f3n, presidente del patronato que administr\u00f3 el acuario, el capital que ser\u00e1 entregado al gobierno del Estado de Veracruz, -correspondiente al fideicomiso-, son 120 millones de pesos.<\/p>\n\n\n\n<p>Rivero Mantec\u00f3n explic\u00f3 tambi\u00e9n que el valor actual del acuario es de 800 millones de pesos.<\/p>\n\n\n\n<p>Durante 30 a\u00f1os fue tan transparente la operaci\u00f3n del acuario que ten\u00edan supervisi\u00f3n continua de la Comisi\u00f3n Nacional del Agua, de la Procuradur\u00eda Federal de Protecci\u00f3n del Ambiente, de la Secretar\u00eda del Medio Ambiente y Recursos Naturales, de la Procuradur\u00eda del Medio Ambiente estatal, as\u00ed como la Secretar\u00eda de Finanzas y la Contralor\u00eda del Estado de Veracruz.<\/p>\n\n\n\n<p>Ha trascendido en diversos medios de comunicaci\u00f3n que la ONG veracruzana Earth Mission, -dedicada a la preservaci\u00f3n ambiental-, ha informado que ese manat\u00ed falleci\u00f3 en enero de 2022 en el dragado del Rio Camar\u00f3n, -municipio de Ignacio de la Llave-, obra realizada precisamente por la PMA, la Procuradur\u00eda Estatal del Medio Ambiente y no muri\u00f3 en el acuario.<\/p>\n\n\n\n<p>Es significativo que sea precisamente la PMA, -instituci\u00f3n del gobierno del estado-, quien acusa al Comit\u00e9 T\u00e9cnico del Acuario de Veracruz de la muerte de este ejemplar. \u00bfPor qu\u00e9 no investigar esta explicaci\u00f3n de Earth Mission antes de extinguir el fideicomiso? Si hubiese habido negligencia, ser\u00eda justo y entendible castigarla de acuerdo con la gravedad de las responsabilidades.<\/p>\n\n\n\n<p>Sin embargo, todo parece indicar que el tema del manat\u00ed era lo de menos. Si no hubiera sido este el argumento id\u00f3neo para se\u00f1alar como irresponsable a una administraci\u00f3n de tipo privado, habr\u00edan buscado otro.<\/p>\n\n\n\n<p>Definitivamente esta forma de llevar a cabo una expropiaci\u00f3n genera un antecedente peligroso para las instituciones que opera la sociedad civil de forma exitosa. Este modelo expropiatorio pone en riesgo a escuelas privadas, as\u00ed como a los centros de rehabilitaci\u00f3n desarrollados por\u00a0Telet\u00f3n, -denominados CRIT-, o cualquier proyecto filantr\u00f3pico de la sociedad civil.<\/p>\n\n\n\n<p>Es urgente defender la autonom\u00eda del fideicomiso del Acuario de Veracruz, pues lo que est\u00e1 en juego es el Estado de Derecho.<\/p>\n\n\n\n<h4 class=\"wp-block-heading\">CUBA\u2026 VENEZUELA Y NICARAGUA<\/h4>\n\n\n\n<p>Es evidente que lo que est\u00e1 detr\u00e1s de la defensa de estas tres naciones como participantes de la Cumbre de las Am\u00e9ricas, es un proyecto personal del presidente\u00a0L\u00f3pez Obrador: la b\u00fasqueda del liderazgo regional, para convertirse en vocero del bloque de pa\u00edses integrados en el Foro de Sao Paulo.<\/p>\n\n\n\n<p>Convertirse en defensor de estas tres dictaduras latinoamericanas, -depredadoras de los derechos humanos-, no obstante que representa una incongruencia ideol\u00f3gica para quien se ostenta como un convencido dem\u00f3crata, tiene gran rentabilidad pol\u00edtica y electoral, pues al asumir esta postura se erige de modo natural como el defensor de los pueblos vulnerables frente a lo que los socialistas denominan el \u201cimperio yanqui\u201d.<\/p>\n\n\n\n<p>Este fue el sue\u00f1o del presidente\u00a0Lu\u00eds Echeverr\u00eda\u00a0durante su gesti\u00f3n presidencial. Promovi\u00f3 el concepto \u201ctercer mundo\u201d para denominar a los pa\u00edses en desarrollo y convertirse en su gu\u00eda, no obstante que este t\u00e9rmino lo hab\u00eda acu\u00f1ado veinte a\u00f1os antes, -en 1952-, el economista franc\u00e9s Alfred Sauvy para denominar a los pa\u00edses que no estaban alineados ni al bloque occidental, ni al comunista.<\/p>\n\n\n\n<p>Sin embargo, lo que hay que dejar claro es que apoyar a los gobiernos autocr\u00e1ticos de estos tres pa\u00edses significa para M\u00e9xico convertirse en c\u00f3mplice de la represi\u00f3n en contra de los pobladores y ciudadanos de estas tres naciones, a quienes estas dictaduras les han robado las m\u00e1s b\u00e1sicas de sus libertades: la de disentir de su gobierno, la de desarrollarse en busca de mejor calidad de vida, libertad para decidir por su futuro y libertad para formar un patrimonio propio.<\/p>\n\n\n\n<p>La solidaridad con el pueblo\u2026 -el aut\u00e9ntico pueblo de estos tres pa\u00edses-, se practica luchando en contra de sus opresores, o sea de sus gobiernos.<\/p>\n\n\n\n<h4 class=\"wp-block-heading\">CUBAN\u00d3FILOS<\/h4>\n\n\n\n<p>Es f\u00e1cil ostentarse como socialista disfrutando las comodidades de una sociedad democr\u00e1tica, que incluso permite y estimula que exista oposici\u00f3n. As\u00ed fue como la 4T lleg\u00f3 al poder, a trav\u00e9s de las oportunidades brindadas por esta imperfecta democracia que hoy representa el INE.<\/p>\n\n\n\n<p>Si creen tanto en las bondades del gobierno cubano \u00bfPor qu\u00e9 los cuban\u00f3filos de banqueta mexicanos no se van a vivir a esos pa\u00edses, a trabajar como uno m\u00e1s de sus pobladores?&#8230; \u00bfPor qu\u00e9 siguen aqu\u00ed?<\/p>\n\n\n\n<p>Ser\u00e1 que los legisladores morenistas salen cada noche, -despu\u00e9s de una ardua sesi\u00f3n en la C\u00e1mara de Diputados y en la de Senadores-, toman el metro en la estaci\u00f3n Central Tapo, -o suben a sus cochecitos Tsurus- y se van a descansar con sus familias en sus casas de 55 metros cuadrados de \u00e1rea habitable, como las que poseen gran parte de los trabajadores que obtienen cr\u00e9dito de Infonavit.<\/p>\n\n\n\n<p>Ser\u00e1 que los l\u00edderes de MORENA y los legisladores de ese partido env\u00edan a sus c\u00f3nyuges e hijos para que se atienden en el ISSTE o en el IMSS y sus hijos se educan en escuelas p\u00fablicas.<\/p>\n\n\n\n<p>Ese ser\u00eda el estilo de vida de un socialista congruente con su ideolog\u00eda. Sin embargo, por un lado alaban los postulados de izquierda, -aplauden a los dictadores que gobiernan Cuba, Venezuela y Nicaragua- y por otra viven ellos y sus familias en la opulencia que les permite este gran pa\u00eds, que se ha construido con el esfuerzo de la gente productiva, que se desenvuelve en la iniciativa privada. Es tiempo de desenmascarar esta farsa que va a terminar por empobrecer a los que hoy a\u00fan viven con comodidades, sin que esto signifique mejorar la calidad de vida de los que menos tienen.<\/p>\n\n\n\n<p>Cuban\u00f3filos v\u00e1yanse a vivir a Cuba, donde los esperan con los brazos abiertos.<\/p>\n\n\n\n<h4 class=\"wp-block-heading\">LA EXTORSI\u00d3N<\/h4>\n\n\n\n<p>Sin juzgar si el veredicto del juez de control Felipe de Jes\u00fas Delgadillo Padierna es correcto o n\u00f3 en su decisi\u00f3n de no vincular a proceso a los abogados vinculados con Julio Scherer, quien fuera asesor jur\u00eddico del presidente\u00a0L\u00f3pez Obrador\u00a0y mantiene una disputa fuerte con el fiscal Gertz Manero, la respuesta de la FGR pone en riesgo la independencia del Poder Judicial.<\/p>\n\n\n\n<p>Definitivamente la FGR tiene todo el derecho de inconformarse con el veredicto del juez e interponer los recursos legales que considere apropiados, pues ejercer el rol de parte acusadora es una de sus funciones dentro de la impartici\u00f3n de justicia.<\/p>\n\n\n\n<p>Sin embargo, amenazar al juez informando que abrir\u00e1 una carpeta de investigaci\u00f3n penal en contra del juez Delgadillo, es extorsi\u00f3n para doblegarlo.<\/p>\n\n\n\n<p>Echar abajo su decisi\u00f3n con base en argumentos jur\u00eddicos y comprobando la culpabilidad de los hasta ahora exonerados, es parte del proceso jur\u00eddico y est\u00e1 dentro de las atribuciones de la FGR. Sin embargo, intimidarlo para que sin estar de acuerdo cambie el veredicto, es extorsi\u00f3n.<\/p>\n\n\n\n<p>Cada vez m\u00e1s queda en evidencia que esta administraci\u00f3n de la FGR restira la liga de la ilegalidad, lo cual pone en duda la autoridad moral que debe tener una instituci\u00f3n tan importante como lo es la Fiscal\u00eda General de la Rep\u00fablica.<\/p>\n\n\n\n<p>Corresponde al Consejo de la Judicatura Federal ,-instituci\u00f3n que tiene a su cargo la administraci\u00f3n, vigilancia y disciplina del Poder Judicial de la Federaci\u00f3n-, exigir respeto para el juez y ponerle un alto a la FGR y al fiscal, pues parece que mezclan sus atribuciones institucionales con rencillas personales.<\/p>\n\n\n\n<p>\u00bfA usted qu\u00e9 le parece?<\/p>\n\n\n\n<p><em>Facebook: @Ricardo.Homs1<br>Twitter: @homsricardo<br>Linkedin: Ricardo Homs<br><a href=\"http:\/\/www.ricardohoms.com\/\">www.ricardohoms.com<\/a><\/em><\/p>\n","protected":false},"excerpt":{"rendered":"<p>Ricardo Homs Muy extra\u00f1a la rapidez con que el gobierno del Estado de\u00a0Veracruz\u00a0se apropi\u00f3 del acuario, que -desde su inauguraci\u00f3n en 1992, hace treinta a\u00f1os-, fue administrado de forma impecable por un consejo de administraci\u00f3n conformado por personas honorables y muy destacadas de la sociedad veracruzana, sin intervenci\u00f3n directa de ning\u00fan tipo de autoridad gubernamental. [&hellip;]<\/p>\n","protected":false},"author":18,"featured_media":51440,"comment_status":"open","ping_status":"open","sticky":false,"template":"","format":"standard","meta":{"_monsterinsights_skip_tracking":false,"_monsterinsights_sitenote_active":false,"_monsterinsights_sitenote_note":"","_monsterinsights_sitenote_category":0,"footnotes":""},"categories":[246],"tags":[173],"class_list":["post-56086","post","type-post","status-publish","format-standard","has-post-thumbnail","hentry","category-ricardo-homs","tag-ricardo-homs","wp-image-borders"],"amp_enabled":true,"_links":{"self":[{"href":"https:\/\/nvnoticias.mx\/index.php\/wp-json\/wp\/v2\/posts\/56086","targetHints":{"allow":["GET"]}}],"collection":[{"href":"https:\/\/nvnoticias.mx\/index.php\/wp-json\/wp\/v2\/posts"}],"about":[{"href":"https:\/\/nvnoticias.mx\/index.php\/wp-json\/wp\/v2\/types\/post"}],"author":[{"embeddable":true,"href":"https:\/\/nvnoticias.mx\/index.php\/wp-json\/wp\/v2\/users\/18"}],"replies":[{"embeddable":true,"href":"https:\/\/nvnoticias.mx\/index.php\/wp-json\/wp\/v2\/comments?post=56086"}],"version-history":[{"count":1,"href":"https:\/\/nvnoticias.mx\/index.php\/wp-json\/wp\/v2\/posts\/56086\/revisions"}],"predecessor-version":[{"id":56087,"href":"https:\/\/nvnoticias.mx\/index.php\/wp-json\/wp\/v2\/posts\/56086\/revisions\/56087"}],"wp:featuredmedia":[{"embeddable":true,"href":"https:\/\/nvnoticias.mx\/index.php\/wp-json\/wp\/v2\/media\/51440"}],"wp:attachment":[{"href":"https:\/\/nvnoticias.mx\/index.php\/wp-json\/wp\/v2\/media?parent=56086"}],"wp:term":[{"taxonomy":"category","embeddable":true,"href":"https:\/\/nvnoticias.mx\/index.php\/wp-json\/wp\/v2\/categories?post=56086"},{"taxonomy":"post_tag","embeddable":true,"href":"https:\/\/nvnoticias.mx\/index.php\/wp-json\/wp\/v2\/tags?post=56086"}],"curies":[{"name":"wp","href":"https:\/\/api.w.org\/{rel}","templated":true}]}}