{"id":56049,"date":"2022-05-23T13:54:29","date_gmt":"2022-05-23T18:54:29","guid":{"rendered":"https:\/\/nvnoticias.mx\/?p=56049"},"modified":"2022-05-23T13:54:30","modified_gmt":"2022-05-23T18:54:30","slug":"prodeagua-impidio-40-cortes-de-agua-ponen-en-marcha-operativo-de-pipas","status":"publish","type":"post","link":"https:\/\/nvnoticias.mx\/index.php\/2022\/05\/23\/prodeagua-impidio-40-cortes-de-agua-ponen-en-marcha-operativo-de-pipas\/","title":{"rendered":"Prodeagua impidi\u00f3 40 cortes de agua; ponen en marcha operativo de pipas"},"content":{"rendered":"\n<p><strong>Jes\u00fas Utrilla \/ NV Noticias<\/strong><\/p>\n\n\n\n<p>La Procuradur\u00eda del Agua resolvi\u00f3 40 situaciones de usuarios que iban a sufrir cortes de agua.<\/p>\n\n\n\n<p>La alcaldesa de Veracruz Patricia Lobeira Rodr\u00edguez, dijo que a trav\u00e9s de la conciliaci\u00f3n se logr\u00f3 que comenzaran a ponerse al corriente con sus pagos.<\/p>\n\n\n\n<p>Entre las quejas m\u00e1s recurrentes est\u00e1n el suministro y la calidad del elemento.<\/p>\n\n\n\n<p>Sin embargo, se crearon pozos de filtrado y se establecieron puntos de abastecimiento en las colonias Unidad Veracruzana, Coyol y en los Almendros.<\/p>\n\n\n\n<p>Lobeira Rodr\u00edguez anunci\u00f3 el inicio de\u00a0 la rehabilitaci\u00f3n del albergue nocturno \u201cCasa Veracruz\u201d.<\/p>\n\n\n\n<p>La obras de rehabilitaci\u00f3n integral al albergue se realizar\u00e1 en todas las \u00e1reas para que funcionen de manera id\u00f3nea y ser\u00e1n beneficiadas alrededor de mil personas beneficiadas, entre usuarios y colaboradores.<\/p>\n\n\n\n<p>En estas instalaciones se proporciona techo, alimento, abrigo, descanso y seguridad a todas aquellas personas que se puedan encontrar vulnerables en alg\u00fan momento.<\/p>\n\n\n\n<p>La alcaldesa destac\u00f3 que para su gobierno, es muy importante dotar de un espacio digno y un trato amable a las personas que est\u00e1n pasando por un mal momento y no tienen un techo d\u00f3nde pasar la noche.<\/p>\n","protected":false},"excerpt":{"rendered":"<p>Jes\u00fas Utrilla \/ NV Noticias La Procuradur\u00eda del Agua resolvi\u00f3 40 situaciones de usuarios que iban a sufrir cortes de agua. La alcaldesa de Veracruz Patricia Lobeira Rodr\u00edguez, dijo que a trav\u00e9s de la conciliaci\u00f3n se logr\u00f3 que comenzaran a ponerse al corriente con sus pagos. Entre las quejas m\u00e1s recurrentes est\u00e1n el suministro y [&hellip;]<\/p>\n","protected":false},"author":8,"featured_media":55320,"comment_status":"open","ping_status":"open","sticky":false,"template":"","format":"standard","meta":{"_monsterinsights_skip_tracking":false,"_monsterinsights_sitenote_active":false,"_monsterinsights_sitenote_note":"","_monsterinsights_sitenote_category":0,"footnotes":""},"categories":[154],"tags":[3867,14965,8363],"class_list":["post-56049","post","type-post","status-publish","format-standard","has-post-thumbnail","hentry","category-veracruz","tag-patricia-lobeira","tag-pipas","tag-prodeagua","wp-image-borders"],"amp_enabled":true,"_links":{"self":[{"href":"https:\/\/nvnoticias.mx\/index.php\/wp-json\/wp\/v2\/posts\/56049","targetHints":{"allow":["GET"]}}],"collection":[{"href":"https:\/\/nvnoticias.mx\/index.php\/wp-json\/wp\/v2\/posts"}],"about":[{"href":"https:\/\/nvnoticias.mx\/index.php\/wp-json\/wp\/v2\/types\/post"}],"author":[{"embeddable":true,"href":"https:\/\/nvnoticias.mx\/index.php\/wp-json\/wp\/v2\/users\/8"}],"replies":[{"embeddable":true,"href":"https:\/\/nvnoticias.mx\/index.php\/wp-json\/wp\/v2\/comments?post=56049"}],"version-history":[{"count":1,"href":"https:\/\/nvnoticias.mx\/index.php\/wp-json\/wp\/v2\/posts\/56049\/revisions"}],"predecessor-version":[{"id":56050,"href":"https:\/\/nvnoticias.mx\/index.php\/wp-json\/wp\/v2\/posts\/56049\/revisions\/56050"}],"wp:featuredmedia":[{"embeddable":true,"href":"https:\/\/nvnoticias.mx\/index.php\/wp-json\/wp\/v2\/media\/55320"}],"wp:attachment":[{"href":"https:\/\/nvnoticias.mx\/index.php\/wp-json\/wp\/v2\/media?parent=56049"}],"wp:term":[{"taxonomy":"category","embeddable":true,"href":"https:\/\/nvnoticias.mx\/index.php\/wp-json\/wp\/v2\/categories?post=56049"},{"taxonomy":"post_tag","embeddable":true,"href":"https:\/\/nvnoticias.mx\/index.php\/wp-json\/wp\/v2\/tags?post=56049"}],"curies":[{"name":"wp","href":"https:\/\/api.w.org\/{rel}","templated":true}]}}