{"id":55891,"date":"2022-05-22T12:56:17","date_gmt":"2022-05-22T17:56:17","guid":{"rendered":"https:\/\/nvnoticias.mx\/?p=55891"},"modified":"2022-05-22T12:56:19","modified_gmt":"2022-05-22T17:56:19","slug":"invitan-a-degustar-el-arroz-a-la-tumbada-el-proximo-domingo-en-alvarado","status":"publish","type":"post","link":"https:\/\/nvnoticias.mx\/index.php\/2022\/05\/22\/invitan-a-degustar-el-arroz-a-la-tumbada-el-proximo-domingo-en-alvarado\/","title":{"rendered":"Invitan a degustar el arroz a la tumbada el pr\u00f3ximo domingo en Alvarado"},"content":{"rendered":"\n<p><strong>Jes\u00fas Utrilla | NV Noticias<\/strong>&nbsp;<\/p>\n\n\n\n<p>Veracruz. &#8211; Como parte del t\u00e9rmino de las fiestas de las Cruces de Mayo, el domingo 29 se podr\u00e1 degustar el arroz a la tumbada en Alvarado.<\/p>\n\n\n\n<p>La alcaldesa Lizeth \u00c1lvarez Vera coment\u00f3 que <strong>ser\u00e1n 10 toneladas del alimento dividido en 20 pailas<\/strong> e invit\u00f3 a los que quieran acudir a probar el platillo.<\/p>\n\n\n\n<p>Ese mismo d\u00eda se har\u00e1 el levantamiento de las siete cruces y con ello concluir\u00e1n las actividades llevadas a cabo durante todo el mes de mayo en el municipio de Alvarado.<\/p>\n\n\n\n<blockquote class=\"wp-block-quote is-layout-flow wp-block-quote-is-layout-flow\"><p>\u201cEs la fiesta de nuestro municipio y es una gran tradici\u00f3n, lleno de cultura, de tradiciones. Es una espectacular fiesta muy esperada por los alvarade\u00f1os y por quienes nos visitan\u201d.<\/p><\/blockquote>\n\n\n\n<p>Cabe destacar que habr\u00e1 fandango, d\u00e9cimas, bailables y otras actividades, como ballets de otros municipios y de otros estados.<\/p>\n\n\n\n<p><strong>El domingo 29 iniciar\u00e1 a las 9 de la ma\u00f1ana con el baile de las pailas y la elaboraci\u00f3n del arroz a la tumbada.<\/strong><\/p>\n\n\n\n<p>Por la tarde ser\u00e1 la celebraci\u00f3n de las cruces de mayo, en el parque central.<\/p>\n\n\n\n<p>La alcaldesa invit\u00f3 a los ciudadanos en general a presenciar las \u00faltimas actividades de las fiestas de este mes.<\/p>\n","protected":false},"excerpt":{"rendered":"<p>Jes\u00fas Utrilla | NV Noticias&nbsp; Veracruz. &#8211; Como parte del t\u00e9rmino de las fiestas de las Cruces de Mayo, el domingo 29 se podr\u00e1 degustar el arroz a la tumbada en Alvarado. La alcaldesa Lizeth \u00c1lvarez Vera coment\u00f3 que ser\u00e1n 10 toneladas del alimento dividido en 20 pailas e invit\u00f3 a los que quieran acudir [&hellip;]<\/p>\n","protected":false},"author":6,"featured_media":55892,"comment_status":"open","ping_status":"open","sticky":false,"template":"","format":"standard","meta":{"_monsterinsights_skip_tracking":false,"_monsterinsights_sitenote_active":false,"_monsterinsights_sitenote_note":"","_monsterinsights_sitenote_category":0,"footnotes":""},"categories":[154],"tags":[1467,15108],"class_list":["post-55891","post","type-post","status-publish","format-standard","has-post-thumbnail","hentry","category-veracruz","tag-alvarado","tag-arroz-a-la-tumbada","wp-image-borders"],"amp_enabled":true,"_links":{"self":[{"href":"https:\/\/nvnoticias.mx\/index.php\/wp-json\/wp\/v2\/posts\/55891","targetHints":{"allow":["GET"]}}],"collection":[{"href":"https:\/\/nvnoticias.mx\/index.php\/wp-json\/wp\/v2\/posts"}],"about":[{"href":"https:\/\/nvnoticias.mx\/index.php\/wp-json\/wp\/v2\/types\/post"}],"author":[{"embeddable":true,"href":"https:\/\/nvnoticias.mx\/index.php\/wp-json\/wp\/v2\/users\/6"}],"replies":[{"embeddable":true,"href":"https:\/\/nvnoticias.mx\/index.php\/wp-json\/wp\/v2\/comments?post=55891"}],"version-history":[{"count":1,"href":"https:\/\/nvnoticias.mx\/index.php\/wp-json\/wp\/v2\/posts\/55891\/revisions"}],"predecessor-version":[{"id":55893,"href":"https:\/\/nvnoticias.mx\/index.php\/wp-json\/wp\/v2\/posts\/55891\/revisions\/55893"}],"wp:featuredmedia":[{"embeddable":true,"href":"https:\/\/nvnoticias.mx\/index.php\/wp-json\/wp\/v2\/media\/55892"}],"wp:attachment":[{"href":"https:\/\/nvnoticias.mx\/index.php\/wp-json\/wp\/v2\/media?parent=55891"}],"wp:term":[{"taxonomy":"category","embeddable":true,"href":"https:\/\/nvnoticias.mx\/index.php\/wp-json\/wp\/v2\/categories?post=55891"},{"taxonomy":"post_tag","embeddable":true,"href":"https:\/\/nvnoticias.mx\/index.php\/wp-json\/wp\/v2\/tags?post=55891"}],"curies":[{"name":"wp","href":"https:\/\/api.w.org\/{rel}","templated":true}]}}