{"id":55764,"date":"2022-05-21T11:12:45","date_gmt":"2022-05-21T16:12:45","guid":{"rendered":"https:\/\/nvnoticias.mx\/?p=55764"},"modified":"2022-05-21T11:12:46","modified_gmt":"2022-05-21T16:12:46","slug":"santana-protagonizara-documental-sobre-su-carrera","status":"publish","type":"post","link":"https:\/\/nvnoticias.mx\/index.php\/2022\/05\/21\/santana-protagonizara-documental-sobre-su-carrera\/","title":{"rendered":"Santana protagonizar\u00e1 documental sobre su carrera"},"content":{"rendered":"\n<p>El guitarrista mexicano Carlos Santana protagonizar\u00e1 un documental de larga duraci\u00f3n basado en su carrera y que contar\u00e1 con temas in\u00e9ditos, inform\u00f3 este viernes en exclusiva el medio especializado Variety. <\/p>\n\n\n\n<p>Uno de los talentos m\u00e1s representativos en la m\u00fasica que ha dado M\u00e9xico ha sido sin duda, Carlos Santana. Logrando llevar su m\u00fasica a diferentes partes del mundo y dejando grabado su nombre dentro de la historia del rock.<\/p>\n\n\n\n<blockquote class=\"wp-block-quote is-layout-flow wp-block-quote-is-layout-flow\"><p>&#8220;<em>La intenci\u00f3n es tocar el coraz\u00f3n de las personas e inspirarlas a reconectar con su propia luz para que puedan atraer bendiciones y milagros<\/em>&#8220;, afirm\u00f3 el m\u00fasico a Variety en un claro gui\u00f1o a su \u00faltimo trabajo, &#8220;<em>Blessings and Miracles<\/em>&#8220;.<\/p><\/blockquote>\n\n\n\n<p>El documental, producido por Sony Music e Imagine Documentaries, repasar\u00e1 la trayectoria de Santana (Jalisco, M\u00e9xico, 1947) desde sus inicios como m\u00fasico callejero con 14 a\u00f1os hasta alcanzar el reconocimiento mundial con 10 premios Grammy y 3 Grammy Latinos. <\/p>\n\n\n\n<p>Para ello, el artista entreg\u00f3 videos, fotos y diverso material de archivo al director de esta producci\u00f3n, Rudy Valdez, que se populariz\u00f3 en 2018 con el filme &#8220;The Sentence&#8221;. <\/p>\n\n\n\n<p>Hasta el momento no ha trascendido el nombre de este documental, que se encuentra en proceso de grabaci\u00f3n y ser\u00e1 producido por Sara Bernstein, Justsin Wilkes y Lizz Morhaim. <\/p>\n\n\n\n<p>Encargados de la producci\u00f3n ejecutiva estar\u00e1n Brian Grazer y Ron Howard, ganadores del \u00d3scar a mejor pel\u00edcula con &#8220;A Beautiful Mind&#8221; en 2001. <\/p>\n\n\n\n<p>Santana fue pionero en fusionar ritmos latinos con el g\u00e9nero rock en la banda hom\u00f3nima que fund\u00f3 en 1966 y, desde entonces, su figura y su m\u00fasica han obtenido todos los reconocimientos posibles, figurando, entre otros, en el Sal\u00f3n de la Fama del Rock and Roll y en la lista de los 100 mejores guitarristas de la historia, elaborada por la revista Rolling Stones. <\/p>\n\n\n\n<figure class=\"wp-block-embed is-type-video is-provider-youtube wp-block-embed-youtube wp-embed-aspect-16-9 wp-has-aspect-ratio\"><div class=\"wp-block-embed__wrapper\">\n<iframe loading=\"lazy\"  id=\"_ytid_22064\"  width=\"880\" height=\"495\"  data-origwidth=\"880\" data-origheight=\"495\"  data-relstop=\"1\" src=\"https:\/\/www.youtube.com\/embed\/9wT1s96JIb0?enablejsapi=1&#038;autoplay=0&#038;cc_load_policy=0&#038;cc_lang_pref=&#038;iv_load_policy=1&#038;loop=0&#038;rel=0&#038;fs=1&#038;playsinline=0&#038;autohide=2&#038;theme=dark&#038;color=red&#038;controls=1&#038;\" class=\"__youtube_prefs__  epyt-is-override  no-lazyload\" title=\"YouTube player\"  allow=\"fullscreen; accelerometer; autoplay; clipboard-write; encrypted-media; gyroscope; picture-in-picture; web-share\" referrerpolicy=\"strict-origin-when-cross-origin\" allowfullscreen data-no-lazy=\"1\" data-skipgform_ajax_framebjll=\"\"><\/iframe>\n<\/div><\/figure>\n\n\n\n<p>Fuente: <a href=\"https:\/\/www.milenio.com\/espectaculos\/carlos-santana-protagonizara-documental-sobre-su-carrera\">Milenio<\/a><\/p>\n","protected":false},"excerpt":{"rendered":"<p>El guitarrista mexicano Carlos Santana protagonizar\u00e1 un documental de larga duraci\u00f3n basado en su carrera y que contar\u00e1 con temas in\u00e9ditos, inform\u00f3 este viernes en exclusiva el medio especializado Variety. Uno de los talentos m\u00e1s representativos en la m\u00fasica que ha dado M\u00e9xico ha sido sin duda, Carlos Santana. Logrando llevar su m\u00fasica a diferentes [&hellip;]<\/p>\n","protected":false},"author":8,"featured_media":55765,"comment_status":"open","ping_status":"open","sticky":false,"template":"","format":"standard","meta":{"_monsterinsights_skip_tracking":false,"_monsterinsights_sitenote_active":false,"_monsterinsights_sitenote_note":"","_monsterinsights_sitenote_category":0,"footnotes":""},"categories":[576],"tags":[413,15093],"class_list":["post-55764","post","type-post","status-publish","format-standard","has-post-thumbnail","hentry","category-ocio","tag-documental","tag-santana","wp-image-borders"],"amp_enabled":true,"_links":{"self":[{"href":"https:\/\/nvnoticias.mx\/index.php\/wp-json\/wp\/v2\/posts\/55764","targetHints":{"allow":["GET"]}}],"collection":[{"href":"https:\/\/nvnoticias.mx\/index.php\/wp-json\/wp\/v2\/posts"}],"about":[{"href":"https:\/\/nvnoticias.mx\/index.php\/wp-json\/wp\/v2\/types\/post"}],"author":[{"embeddable":true,"href":"https:\/\/nvnoticias.mx\/index.php\/wp-json\/wp\/v2\/users\/8"}],"replies":[{"embeddable":true,"href":"https:\/\/nvnoticias.mx\/index.php\/wp-json\/wp\/v2\/comments?post=55764"}],"version-history":[{"count":1,"href":"https:\/\/nvnoticias.mx\/index.php\/wp-json\/wp\/v2\/posts\/55764\/revisions"}],"predecessor-version":[{"id":55766,"href":"https:\/\/nvnoticias.mx\/index.php\/wp-json\/wp\/v2\/posts\/55764\/revisions\/55766"}],"wp:featuredmedia":[{"embeddable":true,"href":"https:\/\/nvnoticias.mx\/index.php\/wp-json\/wp\/v2\/media\/55765"}],"wp:attachment":[{"href":"https:\/\/nvnoticias.mx\/index.php\/wp-json\/wp\/v2\/media?parent=55764"}],"wp:term":[{"taxonomy":"category","embeddable":true,"href":"https:\/\/nvnoticias.mx\/index.php\/wp-json\/wp\/v2\/categories?post=55764"},{"taxonomy":"post_tag","embeddable":true,"href":"https:\/\/nvnoticias.mx\/index.php\/wp-json\/wp\/v2\/tags?post=55764"}],"curies":[{"name":"wp","href":"https:\/\/api.w.org\/{rel}","templated":true}]}}