{"id":55664,"date":"2022-05-20T13:37:20","date_gmt":"2022-05-20T18:37:20","guid":{"rendered":"https:\/\/nvnoticias.mx\/?p=55664"},"modified":"2022-05-20T13:37:22","modified_gmt":"2022-05-20T18:37:22","slug":"atencion-directa-a-la-sociedad-politica-permanente-del-ayuntamiento","status":"publish","type":"post","link":"https:\/\/nvnoticias.mx\/index.php\/2022\/05\/20\/atencion-directa-a-la-sociedad-politica-permanente-del-ayuntamiento\/","title":{"rendered":"Atenci\u00f3n directa a la sociedad, pol\u00edtica permanente del Ayuntamiento"},"content":{"rendered":"\n<p>Xalapa, Ver.- El presidente municipal Ricardo Ahued Bardahuil recibi\u00f3 este mediod\u00eda a integrantes de la Alianza de Transportistas y Anexos de Veracruz, encabezados por su presidente, Pedro Fern\u00e1ndez.<\/p>\n\n\n\n<p>En la Sala Ex Presidentes, el Alcalde les reiter\u00f3 que las puertas del Ayuntamiento se encuentran abiertas a todas las organizaciones y sociedad en general para escuchar solicitudes o, bien, para fungir como enlace con autoridades de otros \u00f3rdenes de gobierno por el bien de la ciudad.<\/p>\n\n\n\n<p>Tambi\u00e9n les inform\u00f3 del Programa General de Inversi\u00f3n de Obras P\u00fablicas 2022, donde destaca la rehabilitaci\u00f3n de diversas vialidades en la zona Centro del municipio.<\/p>\n\n\n\n<figure class=\"wp-block-image size-large\"><img loading=\"lazy\" decoding=\"async\" width=\"1024\" height=\"680\" src=\"https:\/\/nvnoticias.mx\/wp-content\/uploads\/2022\/05\/WhatsApp-Image-2022-05-20-at-1.22.46-PM-1024x680.jpeg\" alt=\"\" class=\"wp-image-55667\" srcset=\"https:\/\/nvnoticias.mx\/wp-content\/uploads\/2022\/05\/WhatsApp-Image-2022-05-20-at-1.22.46-PM-1024x680.jpeg 1024w, https:\/\/nvnoticias.mx\/wp-content\/uploads\/2022\/05\/WhatsApp-Image-2022-05-20-at-1.22.46-PM-300x199.jpeg 300w, https:\/\/nvnoticias.mx\/wp-content\/uploads\/2022\/05\/WhatsApp-Image-2022-05-20-at-1.22.46-PM-768x510.jpeg 768w, https:\/\/nvnoticias.mx\/wp-content\/uploads\/2022\/05\/WhatsApp-Image-2022-05-20-at-1.22.46-PM.jpeg 1280w\" sizes=\"auto, (max-width: 1024px) 100vw, 1024px\" \/><\/figure>\n\n\n\n<figure class=\"wp-block-image size-large\"><img loading=\"lazy\" decoding=\"async\" width=\"1024\" height=\"690\" src=\"https:\/\/nvnoticias.mx\/wp-content\/uploads\/2022\/05\/WhatsApp-Image-2022-05-20-at-1.22.45-PM-1024x690.jpeg\" alt=\"\" class=\"wp-image-55668\" srcset=\"https:\/\/nvnoticias.mx\/wp-content\/uploads\/2022\/05\/WhatsApp-Image-2022-05-20-at-1.22.45-PM-1024x690.jpeg 1024w, https:\/\/nvnoticias.mx\/wp-content\/uploads\/2022\/05\/WhatsApp-Image-2022-05-20-at-1.22.45-PM-300x202.jpeg 300w, https:\/\/nvnoticias.mx\/wp-content\/uploads\/2022\/05\/WhatsApp-Image-2022-05-20-at-1.22.45-PM-768x517.jpeg 768w, https:\/\/nvnoticias.mx\/wp-content\/uploads\/2022\/05\/WhatsApp-Image-2022-05-20-at-1.22.45-PM.jpeg 1280w\" sizes=\"auto, (max-width: 1024px) 100vw, 1024px\" \/><\/figure>\n","protected":false},"excerpt":{"rendered":"<p>Xalapa, Ver.- El presidente municipal Ricardo Ahued Bardahuil recibi\u00f3 este mediod\u00eda a integrantes de la Alianza de Transportistas y Anexos de Veracruz, encabezados por su presidente, Pedro Fern\u00e1ndez. En la Sala Ex Presidentes, el Alcalde les reiter\u00f3 que las puertas del Ayuntamiento se encuentran abiertas a todas las organizaciones y sociedad en general para escuchar [&hellip;]<\/p>\n","protected":false},"author":35,"featured_media":55666,"comment_status":"open","ping_status":"open","sticky":false,"template":"","format":"standard","meta":{"_monsterinsights_skip_tracking":false,"_monsterinsights_sitenote_active":false,"_monsterinsights_sitenote_note":"","_monsterinsights_sitenote_category":0,"footnotes":""},"categories":[156],"tags":[8641,366,15063,12324,190,4043],"class_list":["post-55664","post","type-post","status-publish","format-standard","has-post-thumbnail","hentry","category-estado","tag-atencion","tag-ayuntamiento","tag-directa","tag-permanente","tag-politica","tag-sociedad","wp-image-borders"],"amp_enabled":true,"_links":{"self":[{"href":"https:\/\/nvnoticias.mx\/index.php\/wp-json\/wp\/v2\/posts\/55664","targetHints":{"allow":["GET"]}}],"collection":[{"href":"https:\/\/nvnoticias.mx\/index.php\/wp-json\/wp\/v2\/posts"}],"about":[{"href":"https:\/\/nvnoticias.mx\/index.php\/wp-json\/wp\/v2\/types\/post"}],"author":[{"embeddable":true,"href":"https:\/\/nvnoticias.mx\/index.php\/wp-json\/wp\/v2\/users\/35"}],"replies":[{"embeddable":true,"href":"https:\/\/nvnoticias.mx\/index.php\/wp-json\/wp\/v2\/comments?post=55664"}],"version-history":[{"count":1,"href":"https:\/\/nvnoticias.mx\/index.php\/wp-json\/wp\/v2\/posts\/55664\/revisions"}],"predecessor-version":[{"id":55669,"href":"https:\/\/nvnoticias.mx\/index.php\/wp-json\/wp\/v2\/posts\/55664\/revisions\/55669"}],"wp:featuredmedia":[{"embeddable":true,"href":"https:\/\/nvnoticias.mx\/index.php\/wp-json\/wp\/v2\/media\/55666"}],"wp:attachment":[{"href":"https:\/\/nvnoticias.mx\/index.php\/wp-json\/wp\/v2\/media?parent=55664"}],"wp:term":[{"taxonomy":"category","embeddable":true,"href":"https:\/\/nvnoticias.mx\/index.php\/wp-json\/wp\/v2\/categories?post=55664"},{"taxonomy":"post_tag","embeddable":true,"href":"https:\/\/nvnoticias.mx\/index.php\/wp-json\/wp\/v2\/tags?post=55664"}],"curies":[{"name":"wp","href":"https:\/\/api.w.org\/{rel}","templated":true}]}}