{"id":5563,"date":"2021-02-23T20:07:43","date_gmt":"2021-02-24T02:07:43","guid":{"rendered":"https:\/\/nvnoticias.mx\/?p=5563"},"modified":"2021-02-23T20:07:44","modified_gmt":"2021-02-24T02:07:44","slug":"asegura-imss-veracruz-norte-encefalitis","status":"publish","type":"post","link":"https:\/\/nvnoticias.mx\/index.php\/2021\/02\/23\/asegura-imss-veracruz-norte-encefalitis\/","title":{"rendered":"Asegura IMSS Veracruz Norte que esquema de vacunaci\u00f3n completo puede prevenir Encefalitis"},"content":{"rendered":"\n<p>En el marco del D\u00eda Mundial de la Encefalitis, el Instituto Mexicano del Seguro Social (IMSS) en Veracruz Norte exhorta a la poblaci\u00f3n a estar atentos ante cualquier s\u00edntoma que pueda alertar indicios de esta enfermedad.<\/p>\n\n\n\n<p>La encefalitis es la inflamaci\u00f3n del cerebro, cuya causa puede ser bacteriana o viral, coment\u00f3 el m\u00e9dico del Hospital General de Zona (HGZ) No. 11, Christopher Barrera Hoffmann.<\/p>\n\n\n\n<p>Entre las complicaciones m\u00e1s comunes de este padecimiento se encuentran la epilepsia y el edema cerebral, que pueden causar secuelas neurol\u00f3gicas y, en casos m\u00e1s graves, parada cardiorrespiratoria de origen central.<\/p>\n\n\n\n<p>Los principales factores de riesgo son: no tener al corriente esquema de vacunaci\u00f3n, recibir medicamentos inmunosupresores, portar alguna inmunodeficiencia adquirida, exposici\u00f3n a insectos como mosquitos o garrapatas.<\/p>\n\n\n\n<p>Dentro del tratamiento para la encefalitis, se encuentra la terapia antiviral o antimicrobiana, dependiendo de la etiolog\u00eda de la misma; de inicio, de manera emp\u00edrica, y una vez identificado el pat\u00f3geno se inicia una terapia espec\u00edfica.<\/p>\n\n\n\n<p>Entre las formas de prevenir la encefalitis se encuentra, adem\u00e1s de tener el esquema de vacunaci\u00f3n al corriente, el correcto lavado de manos, as\u00ed como tomar las medidas de prevenci\u00f3n para evitar la transmisi\u00f3n por vectores de los pat\u00f3genos que la causan.<\/p>\n\n\n\n<p>Por \u00faltimo, apunt\u00f3 el especialista que es importante no automedicarse ante los s\u00edntomas o malestares de la encefalitis, por lo que se recomienda acudir con un especialista.<\/p>\n","protected":false},"excerpt":{"rendered":"<p>En el marco del D\u00eda Mundial de la Encefalitis, el Instituto Mexicano del Seguro Social (IMSS) en Veracruz Norte exhorta a la poblaci\u00f3n a estar atentos ante cualquier s\u00edntoma que pueda alertar indicios de esta enfermedad. La encefalitis es la inflamaci\u00f3n del cerebro, cuya causa puede ser bacteriana o viral, coment\u00f3 el m\u00e9dico del Hospital [&hellip;]<\/p>\n","protected":false},"author":7,"featured_media":5567,"comment_status":"open","ping_status":"open","sticky":false,"template":"","format":"standard","meta":{"_monsterinsights_skip_tracking":false,"_monsterinsights_sitenote_active":false,"_monsterinsights_sitenote_note":"","_monsterinsights_sitenote_category":0,"footnotes":""},"categories":[154],"tags":[1688,1687,1643],"class_list":["post-5563","post","type-post","status-publish","format-standard","has-post-thumbnail","hentry","category-veracruz","tag-encefalitis","tag-imss-veracruz-norte","tag-instituto-mexicano-del-seguro-social","wp-image-borders"],"amp_enabled":true,"_links":{"self":[{"href":"https:\/\/nvnoticias.mx\/index.php\/wp-json\/wp\/v2\/posts\/5563","targetHints":{"allow":["GET"]}}],"collection":[{"href":"https:\/\/nvnoticias.mx\/index.php\/wp-json\/wp\/v2\/posts"}],"about":[{"href":"https:\/\/nvnoticias.mx\/index.php\/wp-json\/wp\/v2\/types\/post"}],"author":[{"embeddable":true,"href":"https:\/\/nvnoticias.mx\/index.php\/wp-json\/wp\/v2\/users\/7"}],"replies":[{"embeddable":true,"href":"https:\/\/nvnoticias.mx\/index.php\/wp-json\/wp\/v2\/comments?post=5563"}],"version-history":[{"count":1,"href":"https:\/\/nvnoticias.mx\/index.php\/wp-json\/wp\/v2\/posts\/5563\/revisions"}],"predecessor-version":[{"id":5566,"href":"https:\/\/nvnoticias.mx\/index.php\/wp-json\/wp\/v2\/posts\/5563\/revisions\/5566"}],"wp:featuredmedia":[{"embeddable":true,"href":"https:\/\/nvnoticias.mx\/index.php\/wp-json\/wp\/v2\/media\/5567"}],"wp:attachment":[{"href":"https:\/\/nvnoticias.mx\/index.php\/wp-json\/wp\/v2\/media?parent=5563"}],"wp:term":[{"taxonomy":"category","embeddable":true,"href":"https:\/\/nvnoticias.mx\/index.php\/wp-json\/wp\/v2\/categories?post=5563"},{"taxonomy":"post_tag","embeddable":true,"href":"https:\/\/nvnoticias.mx\/index.php\/wp-json\/wp\/v2\/tags?post=5563"}],"curies":[{"name":"wp","href":"https:\/\/api.w.org\/{rel}","templated":true}]}}