{"id":556,"date":"2021-01-06T12:43:27","date_gmt":"2021-01-06T18:43:27","guid":{"rendered":"https:\/\/nvnoticias.mx\/?p=556"},"modified":"2021-01-06T12:44:30","modified_gmt":"2021-01-06T18:44:30","slug":"inicia-discusion-congreso-de-eu-para-definir-certificacion-de-victoria-de-biden","status":"publish","type":"post","link":"https:\/\/nvnoticias.mx\/index.php\/2021\/01\/06\/inicia-discusion-congreso-de-eu-para-definir-certificacion-de-victoria-de-biden\/","title":{"rendered":"Inicia discusi\u00f3n Congreso de EU para definir certificaci\u00f3n de victoria de Biden"},"content":{"rendered":"\n<p>El Congreso de Estados Unidos inici\u00f3 hoy la tradicional sesi\u00f3n conjunta entre el Senado y la C\u00e1mara de Representantes para certificar los resultados del Colegio Electoral por las elecciones presidenciales de ese pa\u00eds, las cuales dieron como resultado la victoria de Joe Biden, aunque se espera que un grupo de republicanos busque impugnar la resoluci\u00f3n de los comicios del 3 de noviembre. <\/p>\n\n\n\n<p>La instancia de hoy es parte de un proceso protocolar que est\u00e1 estipulado tras las elecciones presidenciales de Estados Unidos. Sin embargo, pese a que siempre se ha establecido la victoria del ganador de las elecciones, en esta oportunidad se prev\u00e9 que al menos 140 representantes y 11 senadores, todos ellos republicanos, rechacen el resultado emitido por el Colegio Electoral, uni\u00e9ndose as\u00ed al entramado que ha buscado Donald Trump para restar validez a los votos.<\/p>\n\n\n\n<p>La situaci\u00f3n ha generado que incluso afuera del Capitolio, en Washington D. C., varios adherentes a Trump llegaron desde temprano para expresar su descontento al resultado de las elecciones, apeg\u00e1ndose a una versi\u00f3n del saliente presidente que los comicios fueron fraudulentos, aunque no ha presentado una prueba contundente sobre eso y las instancias legales tampoco han favorecido esa demanda. <\/p>\n\n\n\n<p>Fuente: Milenio<\/p>\n","protected":false},"excerpt":{"rendered":"<p>El Congreso de Estados Unidos inici\u00f3 hoy la tradicional sesi\u00f3n conjunta entre el Senado y la C\u00e1mara de Representantes para certificar los resultados del Colegio Electoral por las elecciones presidenciales de ese pa\u00eds, las cuales dieron como resultado la victoria de Joe Biden, aunque se espera que un grupo de republicanos busque impugnar la resoluci\u00f3n [&hellip;]<\/p>\n","protected":false},"author":6,"featured_media":558,"comment_status":"open","ping_status":"open","sticky":false,"template":"","format":"standard","meta":{"_monsterinsights_skip_tracking":false,"_monsterinsights_sitenote_active":false,"_monsterinsights_sitenote_note":"","_monsterinsights_sitenote_category":0,"footnotes":""},"categories":[181],"tags":[183,182,162],"class_list":["post-556","post","type-post","status-publish","format-standard","has-post-thumbnail","hentry","category-internacional","tag-estados-unidos","tag-joe-biden","tag-portada","wp-image-borders"],"amp_enabled":true,"_links":{"self":[{"href":"https:\/\/nvnoticias.mx\/index.php\/wp-json\/wp\/v2\/posts\/556","targetHints":{"allow":["GET"]}}],"collection":[{"href":"https:\/\/nvnoticias.mx\/index.php\/wp-json\/wp\/v2\/posts"}],"about":[{"href":"https:\/\/nvnoticias.mx\/index.php\/wp-json\/wp\/v2\/types\/post"}],"author":[{"embeddable":true,"href":"https:\/\/nvnoticias.mx\/index.php\/wp-json\/wp\/v2\/users\/6"}],"replies":[{"embeddable":true,"href":"https:\/\/nvnoticias.mx\/index.php\/wp-json\/wp\/v2\/comments?post=556"}],"version-history":[{"count":2,"href":"https:\/\/nvnoticias.mx\/index.php\/wp-json\/wp\/v2\/posts\/556\/revisions"}],"predecessor-version":[{"id":559,"href":"https:\/\/nvnoticias.mx\/index.php\/wp-json\/wp\/v2\/posts\/556\/revisions\/559"}],"wp:featuredmedia":[{"embeddable":true,"href":"https:\/\/nvnoticias.mx\/index.php\/wp-json\/wp\/v2\/media\/558"}],"wp:attachment":[{"href":"https:\/\/nvnoticias.mx\/index.php\/wp-json\/wp\/v2\/media?parent=556"}],"wp:term":[{"taxonomy":"category","embeddable":true,"href":"https:\/\/nvnoticias.mx\/index.php\/wp-json\/wp\/v2\/categories?post=556"},{"taxonomy":"post_tag","embeddable":true,"href":"https:\/\/nvnoticias.mx\/index.php\/wp-json\/wp\/v2\/tags?post=556"}],"curies":[{"name":"wp","href":"https:\/\/api.w.org\/{rel}","templated":true}]}}