{"id":55593,"date":"2022-05-20T09:42:16","date_gmt":"2022-05-20T14:42:16","guid":{"rendered":"https:\/\/nvnoticias.mx\/?p=55593"},"modified":"2022-05-20T09:42:18","modified_gmt":"2022-05-20T14:42:18","slug":"ingresa-el-bronco-a-quirofano","status":"publish","type":"post","link":"https:\/\/nvnoticias.mx\/index.php\/2022\/05\/20\/ingresa-el-bronco-a-quirofano\/","title":{"rendered":"Ingresa &#8216;El Bronco&#8217; a quir\u00f3fano"},"content":{"rendered":"\n<p>El ex gobernador de Nuevo Le\u00f3n, Jaime Rodr\u00edguez, ingres\u00f3 al quir\u00f3fano para ser intervenido en el Hospital Universitario la ma\u00f1ana de este viernes, luego de que se informara que su cirug\u00eda fue reprogramada.<\/p>\n\n\n\n<p> La noticia la dio a conocer el propio ex mandatario mediante sus cuentas oficiales de redes sociales.<\/p>\n\n\n\n<blockquote class=\"wp-block-quote is-layout-flow wp-block-quote-is-layout-flow\"><p>\u201cBuen d\u00eda a todos. Ped\u00ed les compartieran que ya estoy por entrar al quir\u00f3fano, les pido hoy m\u00e1s que nunca de sus oraciones; que Dios gu\u00ede a sus m\u00e9dicos y salga bien su cirug\u00eda, a \u00e9l me encomiendo y en \u00e9l conf\u00edo. Le ped\u00ed a mi esposa que los mantenga informados. Gracias\u201d. <\/p><\/blockquote>\n\n\n\n<p>Su abogado, Gabriel Garc\u00eda Eduardo, fue quien revel\u00f3 ayer que la cirug\u00eda que estaba contemplada para el pr\u00f3ximo lunes ser\u00eda realizada hoy a las 8:00 horas. El litigante dijo que esto se determin\u00f3 despu\u00e9s de una reuni\u00f3n con personal m\u00e9dico durante el jueves, derivado del estado de salud delicado de El Bronco. <\/p>\n\n\n\n<p>De acuerdo con el litigante, el procedimiento m\u00e9dico ser\u00e1 una resecci\u00f3n intestinal, debido al hallazgo de los p\u00f3lipos pre cancer\u00edgenos. <\/p>\n\n\n\n<p>La intervenci\u00f3n se efectuar\u00e1 para cortar m\u00e1s intestino y prevenir cualquier circunstancia futura relacionada con el c\u00e1ncer. Gabriel Eduardo Garc\u00eda tambi\u00e9n se\u00f1al\u00f3 que esta condici\u00f3n se refleja en el estado de salud del ex gobernador, quien se encuentra cansado y recostado en todo momento. <\/p>\n\n\n\n<p>Fuente: <a href=\"https:\/\/www.milenio.com\/politica\/jaime-rodriguez-es-ingresado-al-quirofano-por-operacion-de-intestino\" data-type=\"URL\" data-id=\"https:\/\/www.milenio.com\/politica\/jaime-rodriguez-es-ingresado-al-quirofano-por-operacion-de-intestino\">Milenio<\/a> <\/p>\n","protected":false},"excerpt":{"rendered":"<p>El ex gobernador de Nuevo Le\u00f3n, Jaime Rodr\u00edguez, ingres\u00f3 al quir\u00f3fano para ser intervenido en el Hospital Universitario la ma\u00f1ana de este viernes, luego de que se informara que su cirug\u00eda fue reprogramada. La noticia la dio a conocer el propio ex mandatario mediante sus cuentas oficiales de redes sociales. \u201cBuen d\u00eda a todos. Ped\u00ed [&hellip;]<\/p>\n","protected":false},"author":35,"featured_media":45377,"comment_status":"open","ping_status":"open","sticky":false,"template":"","format":"standard","meta":{"_monsterinsights_skip_tracking":false,"_monsterinsights_sitenote_active":false,"_monsterinsights_sitenote_note":"","_monsterinsights_sitenote_category":0,"footnotes":""},"categories":[158],"tags":[6040,10616,15036],"class_list":["post-55593","post","type-post","status-publish","format-standard","has-post-thumbnail","hentry","category-politica","tag-el-bronco","tag-ingresa","tag-quirofano","wp-image-borders"],"amp_enabled":true,"_links":{"self":[{"href":"https:\/\/nvnoticias.mx\/index.php\/wp-json\/wp\/v2\/posts\/55593","targetHints":{"allow":["GET"]}}],"collection":[{"href":"https:\/\/nvnoticias.mx\/index.php\/wp-json\/wp\/v2\/posts"}],"about":[{"href":"https:\/\/nvnoticias.mx\/index.php\/wp-json\/wp\/v2\/types\/post"}],"author":[{"embeddable":true,"href":"https:\/\/nvnoticias.mx\/index.php\/wp-json\/wp\/v2\/users\/35"}],"replies":[{"embeddable":true,"href":"https:\/\/nvnoticias.mx\/index.php\/wp-json\/wp\/v2\/comments?post=55593"}],"version-history":[{"count":3,"href":"https:\/\/nvnoticias.mx\/index.php\/wp-json\/wp\/v2\/posts\/55593\/revisions"}],"predecessor-version":[{"id":55596,"href":"https:\/\/nvnoticias.mx\/index.php\/wp-json\/wp\/v2\/posts\/55593\/revisions\/55596"}],"wp:featuredmedia":[{"embeddable":true,"href":"https:\/\/nvnoticias.mx\/index.php\/wp-json\/wp\/v2\/media\/45377"}],"wp:attachment":[{"href":"https:\/\/nvnoticias.mx\/index.php\/wp-json\/wp\/v2\/media?parent=55593"}],"wp:term":[{"taxonomy":"category","embeddable":true,"href":"https:\/\/nvnoticias.mx\/index.php\/wp-json\/wp\/v2\/categories?post=55593"},{"taxonomy":"post_tag","embeddable":true,"href":"https:\/\/nvnoticias.mx\/index.php\/wp-json\/wp\/v2\/tags?post=55593"}],"curies":[{"name":"wp","href":"https:\/\/api.w.org\/{rel}","templated":true}]}}