{"id":55558,"date":"2022-05-19T16:39:33","date_gmt":"2022-05-19T21:39:33","guid":{"rendered":"https:\/\/nvnoticias.mx\/?p=55558"},"modified":"2022-05-19T16:39:34","modified_gmt":"2022-05-19T21:39:34","slug":"roberto-ramos-alor-renuncia-como-secretario-de-salud","status":"publish","type":"post","link":"https:\/\/nvnoticias.mx\/index.php\/2022\/05\/19\/roberto-ramos-alor-renuncia-como-secretario-de-salud\/","title":{"rendered":"Roberto Ramos Alor renuncia como Secretario de Salud"},"content":{"rendered":"\n<p><strong>Sam Ojeda\u00a0\/ NV Noticias<\/strong><\/p>\n\n\n\n<p>Xalapa.- El gobernador de Veracruz, Cuitl\u00e1huac Garc\u00eda Jim\u00e9nez, anunci\u00f3 la renuncia del secretario de Salud, Roberto Ramos Alor; en sustituci\u00f3n fue nombrado\u00a0 Gerardo D\u00edaz Morales, asesor en\u00a0Salud\u00a0de la oficina del Gobernador.<\/p>\n\n\n\n<p>A trav\u00e9s de sus redes sociales el gobernador dio a conocer que acept\u00f3 la renuncia de su colaborador, aunque no dio m\u00e1s detalles.\u00a0<\/p>\n\n\n\n<blockquote class=\"wp-block-quote is-layout-flow wp-block-quote-is-layout-flow\"><p>\u201c<em>El d\u00eda de hoy he decidido aceptar la renuncia de nuestro querido amigo y correligionario Dr. Roberto Ramos Alor, a quien agradezco haberse entregado a los grandes principios humanistas del galeno, atender la salud y la vida de los dem\u00e1s, incluso a costa de la propia. Por lo mismo he decidi\u00f3 nombrar como encargado de despacho de la Secretar\u00eda de Salud del Estado de Veracruz al Dr. Gerardo D\u00edaz Morales<\/em>\u201d, public\u00f3.\u00a0<\/p><\/blockquote>\n\n\n\n<p>Antes de Alor se registr\u00f3 la renuncia de la secretaria de Turismo, X\u00f3chitl Arbes\u00fa Lago y antes de ella, la titular de Medio Ambiente, Mar\u00eda del Roc\u00edo P\u00e9rez P\u00e9rez.<\/p>\n\n\n\n<p>Lo mismo con la secretaria de Trabajo, Previsi\u00f3n Social y Productividad, Diana Ar\u00f3stegui; del titular de la Secretar\u00eda de Desarrollo Agropecuario, Rural y Pesca, Eduardo Cadena Cer\u00f3n y antes que \u00e9l la titular del DIF, Rebeca Quintanar Barcel\u00f3, aunque esta luego se reincorpor\u00f3.<\/p>\n\n\n\n<p>Hay que recordar que al inicio de la administraci\u00f3n renunci\u00f3 la contralora general del estado, Leslie Garibo Puga.\u00a0<\/p>\n","protected":false},"excerpt":{"rendered":"<p>Sam Ojeda\u00a0\/ NV Noticias Xalapa.- El gobernador de Veracruz, Cuitl\u00e1huac Garc\u00eda Jim\u00e9nez, anunci\u00f3 la renuncia del secretario de Salud, Roberto Ramos Alor; en sustituci\u00f3n fue nombrado\u00a0 Gerardo D\u00edaz Morales, asesor en\u00a0Salud\u00a0de la oficina del Gobernador. A trav\u00e9s de sus redes sociales el gobernador dio a conocer que acept\u00f3 la renuncia de su colaborador, aunque no [&hellip;]<\/p>\n","protected":false},"author":8,"featured_media":55560,"comment_status":"open","ping_status":"open","sticky":false,"template":"","format":"standard","meta":{"_monsterinsights_skip_tracking":false,"_monsterinsights_sitenote_active":false,"_monsterinsights_sitenote_note":"","_monsterinsights_sitenote_category":0,"footnotes":""},"categories":[156],"tags":[162,2078,2153,1821],"class_list":["post-55558","post","type-post","status-publish","format-standard","has-post-thumbnail","hentry","category-estado","tag-portada","tag-renuncia","tag-roberto-ramos-alor","tag-secretaria-de-salud","wp-image-borders"],"amp_enabled":true,"_links":{"self":[{"href":"https:\/\/nvnoticias.mx\/index.php\/wp-json\/wp\/v2\/posts\/55558","targetHints":{"allow":["GET"]}}],"collection":[{"href":"https:\/\/nvnoticias.mx\/index.php\/wp-json\/wp\/v2\/posts"}],"about":[{"href":"https:\/\/nvnoticias.mx\/index.php\/wp-json\/wp\/v2\/types\/post"}],"author":[{"embeddable":true,"href":"https:\/\/nvnoticias.mx\/index.php\/wp-json\/wp\/v2\/users\/8"}],"replies":[{"embeddable":true,"href":"https:\/\/nvnoticias.mx\/index.php\/wp-json\/wp\/v2\/comments?post=55558"}],"version-history":[{"count":1,"href":"https:\/\/nvnoticias.mx\/index.php\/wp-json\/wp\/v2\/posts\/55558\/revisions"}],"predecessor-version":[{"id":55561,"href":"https:\/\/nvnoticias.mx\/index.php\/wp-json\/wp\/v2\/posts\/55558\/revisions\/55561"}],"wp:featuredmedia":[{"embeddable":true,"href":"https:\/\/nvnoticias.mx\/index.php\/wp-json\/wp\/v2\/media\/55560"}],"wp:attachment":[{"href":"https:\/\/nvnoticias.mx\/index.php\/wp-json\/wp\/v2\/media?parent=55558"}],"wp:term":[{"taxonomy":"category","embeddable":true,"href":"https:\/\/nvnoticias.mx\/index.php\/wp-json\/wp\/v2\/categories?post=55558"},{"taxonomy":"post_tag","embeddable":true,"href":"https:\/\/nvnoticias.mx\/index.php\/wp-json\/wp\/v2\/tags?post=55558"}],"curies":[{"name":"wp","href":"https:\/\/api.w.org\/{rel}","templated":true}]}}