{"id":55528,"date":"2022-05-19T13:53:08","date_gmt":"2022-05-19T18:53:08","guid":{"rendered":"https:\/\/nvnoticias.mx\/?p=55528"},"modified":"2022-05-19T13:53:09","modified_gmt":"2022-05-19T18:53:09","slug":"preven-activa-temporada-de-ciclones-tropicales-este-ano","status":"publish","type":"post","link":"https:\/\/nvnoticias.mx\/index.php\/2022\/05\/19\/preven-activa-temporada-de-ciclones-tropicales-este-ano\/","title":{"rendered":"Prev\u00e9n &#8220;activa&#8221; temporada de ciclones tropicales este a\u00f1o"},"content":{"rendered":"\n<p><strong>Sam Ojeda\u00a0\/ NV Noticias<\/strong><\/p>\n\n\n\n<p>Xalapa.- La coordinadora general del Servicio Meteorol\u00f3gico Nacional, Alejandra Margarita M\u00e9ndez, inform\u00f3 que la temporada de ciclones tropicales de este a\u00f1o ser\u00e1 activa, pues se esperan entre 30 y 40 ciclones tropicales.<\/p>\n\n\n\n<p>La cifra es un acumulado de los fen\u00f3menos que podr\u00edan presentarse en el oc\u00e9ano Atl\u00e1ntico y en el Pac\u00edfico, de los cuales cinco podr\u00edan impactar al pa\u00eds.\u00a0<\/p>\n\n\n\n<p>En el Atl\u00e1ntico se podr\u00edan registrar hasta 50 por ciento m\u00e1s ciclones durante este a\u00f1o, cuya la media son 14.<\/p>\n\n\n\n<p>En el caso del Pac\u00edfico el incremento podr\u00eda ser de hasta 25 por ciento m\u00e1s, cuyo promedio es de 15 sistemas.\u00a0<\/p>\n\n\n\n<p>En el oc\u00e9ano Pac\u00edfico se prev\u00e9n entre 14 a 19 ciclones de los cuales entre 8 y 10 podr\u00edan ser tormentas tropicales; entre 4 y 4 evolucionar\u00edan en hurac\u00e1n categor\u00eda 1 y 2; y entre 2 y 4 podr\u00edan convertirse en huracanes categor\u00eda 3, 4 \u00f3 5.\u00a0<\/p>\n\n\n\n<p>El primer cicl\u00f3n que se registre en el Oc\u00e9ano Pac\u00edfico tomar\u00e1 el nombre de \u201cAgatha\u201d y en el caso del Atl\u00e1ntico deber\u00e1 llamarse \u201cAlex\u201d.<\/p>\n\n\n\n<p>En el oc\u00e9ano Atl\u00e1ntico se prev\u00e9 que se generen entre 16 a 21, de los cuales entre 10 y 11 podr\u00edan ser tormentas tropicales.<\/p>\n\n\n\n<p>De 4 a 6 ser\u00e1n huracanes con categor\u00edas 1 y 1 y de 2 a 4 podr\u00edan evolucionar a huracanes con categor\u00eda 3, 4 y 5.\u00a0<\/p>\n","protected":false},"excerpt":{"rendered":"<p>Sam Ojeda\u00a0\/ NV Noticias Xalapa.- La coordinadora general del Servicio Meteorol\u00f3gico Nacional, Alejandra Margarita M\u00e9ndez, inform\u00f3 que la temporada de ciclones tropicales de este a\u00f1o ser\u00e1 activa, pues se esperan entre 30 y 40 ciclones tropicales. La cifra es un acumulado de los fen\u00f3menos que podr\u00edan presentarse en el oc\u00e9ano Atl\u00e1ntico y en el Pac\u00edfico, [&hellip;]<\/p>\n","protected":false},"author":8,"featured_media":55529,"comment_status":"open","ping_status":"open","sticky":false,"template":"","format":"standard","meta":{"_monsterinsights_skip_tracking":false,"_monsterinsights_sitenote_active":false,"_monsterinsights_sitenote_note":"","_monsterinsights_sitenote_category":0,"footnotes":""},"categories":[156],"tags":[5417,9063,5418],"class_list":["post-55528","post","type-post","status-publish","format-standard","has-post-thumbnail","hentry","category-estado","tag-ciclones","tag-smn","tag-temporada","wp-image-borders"],"amp_enabled":true,"_links":{"self":[{"href":"https:\/\/nvnoticias.mx\/index.php\/wp-json\/wp\/v2\/posts\/55528","targetHints":{"allow":["GET"]}}],"collection":[{"href":"https:\/\/nvnoticias.mx\/index.php\/wp-json\/wp\/v2\/posts"}],"about":[{"href":"https:\/\/nvnoticias.mx\/index.php\/wp-json\/wp\/v2\/types\/post"}],"author":[{"embeddable":true,"href":"https:\/\/nvnoticias.mx\/index.php\/wp-json\/wp\/v2\/users\/8"}],"replies":[{"embeddable":true,"href":"https:\/\/nvnoticias.mx\/index.php\/wp-json\/wp\/v2\/comments?post=55528"}],"version-history":[{"count":1,"href":"https:\/\/nvnoticias.mx\/index.php\/wp-json\/wp\/v2\/posts\/55528\/revisions"}],"predecessor-version":[{"id":55530,"href":"https:\/\/nvnoticias.mx\/index.php\/wp-json\/wp\/v2\/posts\/55528\/revisions\/55530"}],"wp:featuredmedia":[{"embeddable":true,"href":"https:\/\/nvnoticias.mx\/index.php\/wp-json\/wp\/v2\/media\/55529"}],"wp:attachment":[{"href":"https:\/\/nvnoticias.mx\/index.php\/wp-json\/wp\/v2\/media?parent=55528"}],"wp:term":[{"taxonomy":"category","embeddable":true,"href":"https:\/\/nvnoticias.mx\/index.php\/wp-json\/wp\/v2\/categories?post=55528"},{"taxonomy":"post_tag","embeddable":true,"href":"https:\/\/nvnoticias.mx\/index.php\/wp-json\/wp\/v2\/tags?post=55528"}],"curies":[{"name":"wp","href":"https:\/\/api.w.org\/{rel}","templated":true}]}}