{"id":55523,"date":"2022-05-19T13:30:36","date_gmt":"2022-05-19T18:30:36","guid":{"rendered":"https:\/\/nvnoticias.mx\/?p=55523"},"modified":"2022-05-19T13:30:37","modified_gmt":"2022-05-19T18:30:37","slug":"pide-diputado-del-pan-retomar-reportes-semanales-ante-aumento-de-casos-de-covid","status":"publish","type":"post","link":"https:\/\/nvnoticias.mx\/index.php\/2022\/05\/19\/pide-diputado-del-pan-retomar-reportes-semanales-ante-aumento-de-casos-de-covid\/","title":{"rendered":"Pide diputado del PAN retomar reportes semanales ante aumento de casos de covid"},"content":{"rendered":"\n<p>El coordinador del grupo parlamentario del PAN en el Congreso de la Ciudad de M\u00e9xico, Christian Von Roehrich, hizo un llamado a no subestimar el aumento de casos de covid-19 en la capital del pa\u00eds, durante la \u00faltimos siete d\u00edas, por lo que propuso al gobierno local retomar los reportes semanales. <\/p>\n\n\n\n<p>El legislador manifest\u00f3 su preocupaci\u00f3n por el alza de contagios durante la \u00faltima semana, al pasar de 35 a 70 casos positivos diarios en la capital del pa\u00eds, como ayer lo inform\u00f3 Eduardo Clark, director general de Gobierno Digital de la Agencia Digital de Innovaci\u00f3n P\u00fablica (ADIP). <\/p>\n\n\n\n<blockquote class=\"wp-block-quote is-layout-flow wp-block-quote-is-layout-flow\"><p>\u201cPor eso, hoy le proponemos al gobierno local, reactivar los informes semanales covid-19, adem\u00e1s de subir informaci\u00f3n actualizada a las cuentas de redes sociales, para que la opini\u00f3n p\u00fablica tenga informaci\u00f3n de primera mano sobre el comportamiento de la pandemia.&#8221;<\/p><\/blockquote>\n\n\n\n<blockquote class=\"wp-block-quote is-layout-flow wp-block-quote-is-layout-flow\"><p> \u201cSi es un caso de alarma, no es natural que exista un nuevo incremento de casos cuando se supone que el gobierno local determin\u00f3 bajas en la tendencia en los \u00faltimos meses y por ello, hab\u00eda suspendido los informes peri\u00f3dicos, ellos dec\u00edan que no eran necesario\u201d, agreg\u00f3.<\/p><\/blockquote>\n\n\n\n<p> Abund\u00f3 sobre los n\u00fameros de la Secretar\u00eda de Salud federal (SSA) en los que revela qu\u00e9 hay m\u00e1s de 7 mil casos de covid-19 activos en el pa\u00eds y arriba de 100 muertes m\u00e1s reportadas en la \u00faltima semana. <\/p>\n\n\n\n<p>De acuerdo con el panista, los reportes t\u00e9cnicos de la Salud confirman que la Ciudad de M\u00e9xico, junto con el Estado de M\u00e9xico, San Luis Potos\u00ed y Puebla, son las entidades con registro de incrementos considerables de contagios, por lo que reiter\u00f3 no subestimar el virus. El diputado Federico D\u00f6ring adelant\u00f3 que insistir\u00e1 por cuarta vez, la comparecencia del titular de la Agencia Digital de Innovaci\u00f3n P\u00fablica (ADIP), Jos\u00e9 Merino, &#8220;por haber ocultado informaci\u00f3n real de los fallecimientos en estos dos a\u00f1os y conocer los criterios de por qu\u00e9 cancelo los informes del gobierno sobre el ritmo de la pandemia en las \u00faltimas semanas&#8221;. <\/p>\n\n\n\n<p>Fuente: <a href=\"https:\/\/www.milenio.com\/politica\/comunidad\/covid-cdmx-diputado-pide-retomar-reporte-semanal-aumento-casos\" data-type=\"URL\" data-id=\"https:\/\/www.milenio.com\/politica\/comunidad\/covid-cdmx-diputado-pide-retomar-reporte-semanal-aumento-casos\">Milenio<\/a><\/p>\n","protected":false},"excerpt":{"rendered":"<p>El coordinador del grupo parlamentario del PAN en el Congreso de la Ciudad de M\u00e9xico, Christian Von Roehrich, hizo un llamado a no subestimar el aumento de casos de covid-19 en la capital del pa\u00eds, durante la \u00faltimos siete d\u00edas, por lo que propuso al gobierno local retomar los reportes semanales. El legislador manifest\u00f3 su [&hellip;]<\/p>\n","protected":false},"author":35,"featured_media":9779,"comment_status":"open","ping_status":"open","sticky":false,"template":"","format":"standard","meta":{"_monsterinsights_skip_tracking":false,"_monsterinsights_sitenote_active":false,"_monsterinsights_sitenote_note":"","_monsterinsights_sitenote_category":0,"footnotes":""},"categories":[158],"tags":[3109,358,1514,284,9741,8337,15012,15013],"class_list":["post-55523","post","type-post","status-publish","format-standard","has-post-thumbnail","hentry","category-politica","tag-aumento","tag-covid","tag-diputado","tag-pan","tag-pide","tag-reportes","tag-retomar","tag-semanales","wp-image-borders"],"amp_enabled":true,"_links":{"self":[{"href":"https:\/\/nvnoticias.mx\/index.php\/wp-json\/wp\/v2\/posts\/55523","targetHints":{"allow":["GET"]}}],"collection":[{"href":"https:\/\/nvnoticias.mx\/index.php\/wp-json\/wp\/v2\/posts"}],"about":[{"href":"https:\/\/nvnoticias.mx\/index.php\/wp-json\/wp\/v2\/types\/post"}],"author":[{"embeddable":true,"href":"https:\/\/nvnoticias.mx\/index.php\/wp-json\/wp\/v2\/users\/35"}],"replies":[{"embeddable":true,"href":"https:\/\/nvnoticias.mx\/index.php\/wp-json\/wp\/v2\/comments?post=55523"}],"version-history":[{"count":1,"href":"https:\/\/nvnoticias.mx\/index.php\/wp-json\/wp\/v2\/posts\/55523\/revisions"}],"predecessor-version":[{"id":55525,"href":"https:\/\/nvnoticias.mx\/index.php\/wp-json\/wp\/v2\/posts\/55523\/revisions\/55525"}],"wp:featuredmedia":[{"embeddable":true,"href":"https:\/\/nvnoticias.mx\/index.php\/wp-json\/wp\/v2\/media\/9779"}],"wp:attachment":[{"href":"https:\/\/nvnoticias.mx\/index.php\/wp-json\/wp\/v2\/media?parent=55523"}],"wp:term":[{"taxonomy":"category","embeddable":true,"href":"https:\/\/nvnoticias.mx\/index.php\/wp-json\/wp\/v2\/categories?post=55523"},{"taxonomy":"post_tag","embeddable":true,"href":"https:\/\/nvnoticias.mx\/index.php\/wp-json\/wp\/v2\/tags?post=55523"}],"curies":[{"name":"wp","href":"https:\/\/api.w.org\/{rel}","templated":true}]}}