{"id":55309,"date":"2022-05-18T12:57:08","date_gmt":"2022-05-18T17:57:08","guid":{"rendered":"https:\/\/nvnoticias.mx\/?p=55309"},"modified":"2022-05-18T12:57:09","modified_gmt":"2022-05-18T17:57:09","slug":"ola-de-calor-registrara-temperaturas-de-hasta-46-grados-en-la-entidad-veracruzana","status":"publish","type":"post","link":"https:\/\/nvnoticias.mx\/index.php\/2022\/05\/18\/ola-de-calor-registrara-temperaturas-de-hasta-46-grados-en-la-entidad-veracruzana\/","title":{"rendered":"Ola de calor registrar\u00e1 temperaturas de hasta 46 grados en la entidad veracruzana"},"content":{"rendered":"\n<p><strong>Sam Ojeda\u00a0\/ NV Noticias<\/strong><\/p>\n\n\n\n<p>Xalapa.- Desde este mi\u00e9rcoles y hasta el pr\u00f3ximo s\u00e1bado se registrar\u00e1n altas temperaturas en el estado de Veracruz.\u00a0<\/p>\n\n\n\n<p>La Secretar\u00eda de Protecci\u00f3n Civil advierte que se podr\u00edan presentar entre 40 a 46 grados Celsius en la zona norte de la entidad.<\/p>\n\n\n\n<p>Para el caso de la zona monta\u00f1osa, de la que es parte Xalapa, la dependencia advierte que el term\u00f3metro podr\u00eda llegar a los 38 grados.\u00a0<\/p>\n\n\n\n<p>En el sur de la entidad se registrar\u00edan temperaturas de entre 37 a 42 grados y de 40 a 45 grados el pr\u00f3ximo viernes.<\/p>\n\n\n\n<p>En la regi\u00f3n de Veracruz y Boca del R\u00edo el term\u00f3metro llegar\u00eda 35 a 40 grados en jueves y de 36 a 41 grados en viernes.<\/p>\n\n\n\n<p>En Xalapa las temperaturas m\u00e1ximas se estiman de 32 a 35 grados y para el viernes, de 34 a los 38 grados Celsius. \u00a0<\/p>\n\n\n\n<p>Por ello la dependencia emiti\u00f3 un Aviso Especial por Ola de Calor y una surada en la entidad.<\/p>\n\n\n\n<p>Las autoridades advirtieron que bajo estas condiciones se pueden generar incendios forestales, de pastizales y de basureros.<\/p>\n\n\n\n<p>Adem\u00e1s, aumenta el riesgo de que la poblaci\u00f3n experimente los llamados \u201cgolpes de calor\u201d.<\/p>\n","protected":false},"excerpt":{"rendered":"<p>Sam Ojeda\u00a0\/ NV Noticias Xalapa.- Desde este mi\u00e9rcoles y hasta el pr\u00f3ximo s\u00e1bado se registrar\u00e1n altas temperaturas en el estado de Veracruz.\u00a0 La Secretar\u00eda de Protecci\u00f3n Civil advierte que se podr\u00edan presentar entre 40 a 46 grados Celsius en la zona norte de la entidad. Para el caso de la zona monta\u00f1osa, de la que [&hellip;]<\/p>\n","protected":false},"author":8,"featured_media":53553,"comment_status":"open","ping_status":"open","sticky":false,"template":"","format":"standard","meta":{"_monsterinsights_skip_tracking":false,"_monsterinsights_sitenote_active":false,"_monsterinsights_sitenote_note":"","_monsterinsights_sitenote_category":0,"footnotes":""},"categories":[156],"tags":[3488,4720,180],"class_list":["post-55309","post","type-post","status-publish","format-standard","has-post-thumbnail","hentry","category-estado","tag-altas-temperaturas","tag-ola-de-calor","tag-veracruz","wp-image-borders"],"amp_enabled":true,"_links":{"self":[{"href":"https:\/\/nvnoticias.mx\/index.php\/wp-json\/wp\/v2\/posts\/55309","targetHints":{"allow":["GET"]}}],"collection":[{"href":"https:\/\/nvnoticias.mx\/index.php\/wp-json\/wp\/v2\/posts"}],"about":[{"href":"https:\/\/nvnoticias.mx\/index.php\/wp-json\/wp\/v2\/types\/post"}],"author":[{"embeddable":true,"href":"https:\/\/nvnoticias.mx\/index.php\/wp-json\/wp\/v2\/users\/8"}],"replies":[{"embeddable":true,"href":"https:\/\/nvnoticias.mx\/index.php\/wp-json\/wp\/v2\/comments?post=55309"}],"version-history":[{"count":1,"href":"https:\/\/nvnoticias.mx\/index.php\/wp-json\/wp\/v2\/posts\/55309\/revisions"}],"predecessor-version":[{"id":55310,"href":"https:\/\/nvnoticias.mx\/index.php\/wp-json\/wp\/v2\/posts\/55309\/revisions\/55310"}],"wp:featuredmedia":[{"embeddable":true,"href":"https:\/\/nvnoticias.mx\/index.php\/wp-json\/wp\/v2\/media\/53553"}],"wp:attachment":[{"href":"https:\/\/nvnoticias.mx\/index.php\/wp-json\/wp\/v2\/media?parent=55309"}],"wp:term":[{"taxonomy":"category","embeddable":true,"href":"https:\/\/nvnoticias.mx\/index.php\/wp-json\/wp\/v2\/categories?post=55309"},{"taxonomy":"post_tag","embeddable":true,"href":"https:\/\/nvnoticias.mx\/index.php\/wp-json\/wp\/v2\/tags?post=55309"}],"curies":[{"name":"wp","href":"https:\/\/api.w.org\/{rel}","templated":true}]}}