{"id":55077,"date":"2022-05-16T17:50:08","date_gmt":"2022-05-16T22:50:08","guid":{"rendered":"https:\/\/nvnoticias.mx\/?p=55077"},"modified":"2022-05-16T17:50:09","modified_gmt":"2022-05-16T22:50:09","slug":"arranca-la-semana-de-movilidad-y-seguridad-vial-en-el-congreso-del-estado","status":"publish","type":"post","link":"https:\/\/nvnoticias.mx\/index.php\/2022\/05\/16\/arranca-la-semana-de-movilidad-y-seguridad-vial-en-el-congreso-del-estado\/","title":{"rendered":"Arranca la semana de movilidad y seguridad vial en el Congreso del Estado"},"content":{"rendered":"\n<p><strong>Jes\u00fas Utrilla \/ NV Noticias<\/strong><\/p>\n\n\n\n<p>Con el objetivo de impulsar la cultura en la materia, reducir el \u00edndice de accidentes vehiculares que a diario enlutan los hogares veracruzanos, pero sobre todo, de crear conciencia desde la ni\u00f1ez de la importancia una mejor y mayor educaci\u00f3n, cultura y conciencia vial, en el Congreso del Estado se inaugur\u00f3 este d\u00eda la primer Semana Estatal&nbsp;&nbsp;de la Movilidad y Seguridad Vial, organizada por la Comisi\u00f3n Permanente de Transporte, Tr\u00e1nsito y Vialidad del Congreso del Estado de Veracruz a cargo del diputado Juan Enrique Santos Mendoza.<\/p>\n\n\n\n<p>Durante la ceremonia de inauguraci\u00f3n dijo que a la par de la ense\u00f1anza a trav\u00e9s de actividades l\u00fadicas para los ni\u00f1os y j\u00f3venes, autoridades, expertos, legisladores y sociedad civil abordar\u00e1n los retos para mejorar la vialidad y movilidad sustentable en la entidad.<\/p>\n\n\n\n<p>&nbsp;El evento se llevar\u00e1 a cabo del 16 al 20 de mayo, en la explanada y auditorio del Congreso del Estado.<\/p>\n\n\n\n<p>Se busca el fortalecimiento de una mejor y mayor educaci\u00f3n, cultura y conciencia vial, a trav\u00e9s de la puesta en marcha de operativos de seguridad vial, alcoholimetr\u00eda, as\u00ed como jornadas de promoci\u00f3n para la movilidad y seguridad vial en los municipios de la entidad.<\/p>\n\n\n\n<p>La ceremonia de apertura de este encuentro congreg\u00f3 autoridades, empresas, escuelas y sociedad en general.<\/p>\n\n\n\n<p>Los ni\u00f1os y j\u00f3venes que asistan podr\u00e1n disfrutar de un recorrido interactivo con una serie de din\u00e1micas que les permitir\u00e1 ampliar sus conocimientos en materia de seguridad vial,&nbsp;<\/p>\n\n\n\n<p>Asistieron al inicio de las jornadas: el Secretario de Seguridad Publica, Hugo Gutierrez Maldonado, el Presidente de la Junta de Coordinaci\u00f3n Pol\u00edtica del Congreso Local Juan Javier G\u00f3mez Cazarin, la Presidenta de la mesa directiva del Congreso Local, diputada Cecilia Josefina Guevara Guembe y el diputado Enrique Santos Mendoza.<\/p>\n","protected":false},"excerpt":{"rendered":"<p>Jes\u00fas Utrilla \/ NV Noticias Con el objetivo de impulsar la cultura en la materia, reducir el \u00edndice de accidentes vehiculares que a diario enlutan los hogares veracruzanos, pero sobre todo, de crear conciencia desde la ni\u00f1ez de la importancia una mejor y mayor educaci\u00f3n, cultura y conciencia vial, en el Congreso del Estado se [&hellip;]<\/p>\n","protected":false},"author":8,"featured_media":55078,"comment_status":"open","ping_status":"open","sticky":false,"template":"","format":"standard","meta":{"_monsterinsights_skip_tracking":false,"_monsterinsights_sitenote_active":false,"_monsterinsights_sitenote_note":"","_monsterinsights_sitenote_category":0,"footnotes":""},"categories":[158],"tags":[570,14875],"class_list":["post-55077","post","type-post","status-publish","format-standard","has-post-thumbnail","hentry","category-politica","tag-congreso-del-estado-de-veracruz","tag-semana-de-movilidad-y-seguridad","wp-image-borders"],"amp_enabled":true,"_links":{"self":[{"href":"https:\/\/nvnoticias.mx\/index.php\/wp-json\/wp\/v2\/posts\/55077","targetHints":{"allow":["GET"]}}],"collection":[{"href":"https:\/\/nvnoticias.mx\/index.php\/wp-json\/wp\/v2\/posts"}],"about":[{"href":"https:\/\/nvnoticias.mx\/index.php\/wp-json\/wp\/v2\/types\/post"}],"author":[{"embeddable":true,"href":"https:\/\/nvnoticias.mx\/index.php\/wp-json\/wp\/v2\/users\/8"}],"replies":[{"embeddable":true,"href":"https:\/\/nvnoticias.mx\/index.php\/wp-json\/wp\/v2\/comments?post=55077"}],"version-history":[{"count":1,"href":"https:\/\/nvnoticias.mx\/index.php\/wp-json\/wp\/v2\/posts\/55077\/revisions"}],"predecessor-version":[{"id":55079,"href":"https:\/\/nvnoticias.mx\/index.php\/wp-json\/wp\/v2\/posts\/55077\/revisions\/55079"}],"wp:featuredmedia":[{"embeddable":true,"href":"https:\/\/nvnoticias.mx\/index.php\/wp-json\/wp\/v2\/media\/55078"}],"wp:attachment":[{"href":"https:\/\/nvnoticias.mx\/index.php\/wp-json\/wp\/v2\/media?parent=55077"}],"wp:term":[{"taxonomy":"category","embeddable":true,"href":"https:\/\/nvnoticias.mx\/index.php\/wp-json\/wp\/v2\/categories?post=55077"},{"taxonomy":"post_tag","embeddable":true,"href":"https:\/\/nvnoticias.mx\/index.php\/wp-json\/wp\/v2\/tags?post=55077"}],"curies":[{"name":"wp","href":"https:\/\/api.w.org\/{rel}","templated":true}]}}