{"id":55069,"date":"2022-05-16T16:14:36","date_gmt":"2022-05-16T21:14:36","guid":{"rendered":"https:\/\/nvnoticias.mx\/?p=55069"},"modified":"2022-05-16T16:14:38","modified_gmt":"2022-05-16T21:14:38","slug":"piden-a-investigar-credito-en-isssteleon-de-el-bronco","status":"publish","type":"post","link":"https:\/\/nvnoticias.mx\/index.php\/2022\/05\/16\/piden-a-investigar-credito-en-isssteleon-de-el-bronco\/","title":{"rendered":"Piden a investigar cr\u00e9dito en Issstele\u00f3n de \u201cEl Bronco\u201d"},"content":{"rendered":"\n<p>Al darse a conocer que Jaime Rodr\u00edguez concret\u00f3, con ayuda de un cr\u00e9dito de Issstele\u00f3n, la compra de un departamento por m\u00e1s de tres millones de pesos, diputados locales demandaron a la Fiscal\u00eda Anticorrupci\u00f3n y a la Contralor\u00eda de la paraestatal una investigaci\u00f3n para esclarecer la pol\u00e9mica. <\/p>\n\n\n\n<p>Entrevistados por separado, Norma Ben\u00edtez, diputada de Movimiento Ciudadano, solicit\u00f3 a Javier Garza y Garza, fiscal Anticorrupci\u00f3n, que inicie una investigaci\u00f3n de oficio para que se llegue al fondo de este caso concretado d\u00edas antes de que el entonces mandatario concluyera su gesti\u00f3n.<\/p>\n\n\n\n<blockquote class=\"wp-block-quote is-layout-flow wp-block-quote-is-layout-flow\"><p> \u201cPues hay mucho sospechisismo, creo que la Fiscal\u00eda Anticorrupci\u00f3n tiene que tomar el asunto y si hay irregularidades, que sea la Fiscal\u00eda la que investigue. Si hay personas involucradas o fue de forma ilegal este pr\u00e9stamo, que se investigue y sancione, podr\u00eda pensarse otras cosas\u201d, dijo la diputada. <\/p><\/blockquote>\n\n\n\n<p>Ra\u00fal Lozano, del Partido Verde, hizo un llamado a que las autoridades del Issstele\u00f3n investiguen a profundidad el caso, de tal forma que se esclarezca la situaci\u00f3n. <\/p>\n\n\n\n<blockquote class=\"wp-block-quote is-layout-flow wp-block-quote-is-layout-flow\"><p>\u201cHago un llamado a que el propio Issstele\u00f3n, a trav\u00e9s de su contraloria interna, investigue ese cr\u00e9dito en particular y no a cualquier funcionario se lo dan, ahora si que se lo dieron por ser el gobernador y que se le condene, se le pene y se le cancele el cr\u00e9dito\u201d, critic\u00f3. <\/p><\/blockquote>\n\n\n\n<p>Jessica Mart\u00ednez, de Morena, dijo que los pol\u00edticos se han aprovechado de la funci\u00f3n p\u00fablica en medio de crisis y situaciones donde la ciudadan\u00eda no tiene casa, pero existen bur\u00f3cratas con facilidades de otro tipo.<\/p>\n\n\n\n<p> Mientras que Carlos de la Fuente, del PAN, detall\u00f3 que todos los trabajadores del estado, incluyendo los Poderes, despu\u00e9s de cierta antig\u00fcedad pueden adquirir una vivienda con un cr\u00e9dito que les otorga Issstele\u00f3n con una taza mejor a las tasas bancarias. <\/p>\n\n\n\n<blockquote class=\"wp-block-quote is-layout-flow wp-block-quote-is-layout-flow\"><p>\u201cHabr\u00eda que revisar las reglas de operaci\u00f3n del tema hipotecario del Issstele\u00f3n, sino cumpli\u00f3 pues entonces que se lo retiren y que \u00e9l lo busque con otro centro de financiamiento, creo que lo ideal es que salgan y expliquen.&#8221;<\/p><\/blockquote>\n\n\n\n<blockquote class=\"wp-block-quote is-layout-flow wp-block-quote-is-layout-flow\"><p>\u201cTiene que sancionar a los funcionarios que autorizaron ese cr\u00e9dito hipotecario y por otro lado que se le retire otro cr\u00e9dito sino cumpli\u00f3 con todo lo que marca Issstele\u00f3n\u201d, apunt\u00f3 De la Fuente. <\/p><\/blockquote>\n\n\n\n<p>Por \u00faltimo, Javier Caballero, del PRI, expuso que deben visualizarse los recursos de como se adquiri\u00f3 el departamento. \u201cQuiz\u00e1 los tiempos podr\u00edan ser sospechosos y yo apostar\u00eda a mirar el origen de los recursos\u201d, finaliz\u00f3. <\/p>\n\n\n\n<p>Fuente: <a href=\"https:\/\/www.milenio.com\/politica\/el-bronco-piden-investigar-credito-en-isssteleon\" data-type=\"URL\" data-id=\"https:\/\/www.milenio.com\/politica\/el-bronco-piden-investigar-credito-en-isssteleon\">Milenio<\/a><\/p>\n","protected":false},"excerpt":{"rendered":"<p>Al darse a conocer que Jaime Rodr\u00edguez concret\u00f3, con ayuda de un cr\u00e9dito de Issstele\u00f3n, la compra de un departamento por m\u00e1s de tres millones de pesos, diputados locales demandaron a la Fiscal\u00eda Anticorrupci\u00f3n y a la Contralor\u00eda de la paraestatal una investigaci\u00f3n para esclarecer la pol\u00e9mica. Entrevistados por separado, Norma Ben\u00edtez, diputada de Movimiento [&hellip;]<\/p>\n","protected":false},"author":35,"featured_media":45377,"comment_status":"open","ping_status":"open","sticky":false,"template":"","format":"standard","meta":{"_monsterinsights_skip_tracking":false,"_monsterinsights_sitenote_active":false,"_monsterinsights_sitenote_note":"","_monsterinsights_sitenote_category":0,"footnotes":""},"categories":[158],"tags":[304,6040,9638,14874,9131],"class_list":["post-55069","post","type-post","status-publish","format-standard","has-post-thumbnail","hentry","category-politica","tag-credito","tag-el-bronco","tag-investigar","tag-isssteleon","tag-piden","wp-image-borders"],"amp_enabled":true,"_links":{"self":[{"href":"https:\/\/nvnoticias.mx\/index.php\/wp-json\/wp\/v2\/posts\/55069","targetHints":{"allow":["GET"]}}],"collection":[{"href":"https:\/\/nvnoticias.mx\/index.php\/wp-json\/wp\/v2\/posts"}],"about":[{"href":"https:\/\/nvnoticias.mx\/index.php\/wp-json\/wp\/v2\/types\/post"}],"author":[{"embeddable":true,"href":"https:\/\/nvnoticias.mx\/index.php\/wp-json\/wp\/v2\/users\/35"}],"replies":[{"embeddable":true,"href":"https:\/\/nvnoticias.mx\/index.php\/wp-json\/wp\/v2\/comments?post=55069"}],"version-history":[{"count":1,"href":"https:\/\/nvnoticias.mx\/index.php\/wp-json\/wp\/v2\/posts\/55069\/revisions"}],"predecessor-version":[{"id":55070,"href":"https:\/\/nvnoticias.mx\/index.php\/wp-json\/wp\/v2\/posts\/55069\/revisions\/55070"}],"wp:featuredmedia":[{"embeddable":true,"href":"https:\/\/nvnoticias.mx\/index.php\/wp-json\/wp\/v2\/media\/45377"}],"wp:attachment":[{"href":"https:\/\/nvnoticias.mx\/index.php\/wp-json\/wp\/v2\/media?parent=55069"}],"wp:term":[{"taxonomy":"category","embeddable":true,"href":"https:\/\/nvnoticias.mx\/index.php\/wp-json\/wp\/v2\/categories?post=55069"},{"taxonomy":"post_tag","embeddable":true,"href":"https:\/\/nvnoticias.mx\/index.php\/wp-json\/wp\/v2\/tags?post=55069"}],"curies":[{"name":"wp","href":"https:\/\/api.w.org\/{rel}","templated":true}]}}