{"id":55059,"date":"2022-05-16T16:08:30","date_gmt":"2022-05-16T21:08:30","guid":{"rendered":"https:\/\/nvnoticias.mx\/?p=55059"},"modified":"2022-05-16T16:12:47","modified_gmt":"2022-05-16T21:12:47","slug":"aumentara-el-salario-del-magisterio-veracruzano-y-se-dara-mantenimiento-a-escuelas-robadas","status":"publish","type":"post","link":"https:\/\/nvnoticias.mx\/index.php\/2022\/05\/16\/aumentara-el-salario-del-magisterio-veracruzano-y-se-dara-mantenimiento-a-escuelas-robadas\/","title":{"rendered":"Aumentar\u00e1 el salario del magisterio veracruzano y se dar\u00e1 mantenimiento a escuelas robadas"},"content":{"rendered":"\n<p><strong>Jes\u00fas Utrilla \/ NV Noticias<\/strong><\/p>\n\n\n\n<p>Veracruz se ubica entre los primeros lugares en materia educativa afirm\u00f3 el secretario de educaci\u00f3n Zeyanzen Escobar Garc\u00eda. <\/p>\n\n\n\n<p>\u00c9l junto con el gobernador Cuitlahuac Garc\u00eda Jim\u00e9nez encabezaron el Festejo del D\u00eda del Trabajo en el WTC de Boca Del R\u00edo. <\/p>\n\n\n\n<p>Dijo que en Veracruz hay 137 mil maestros y 90 mil son federales y quienes ganen menos de 20 mil pesos al mes, tendr\u00e1n un aumento gradual del 7.5 por ciento en su salario.<\/p>\n\n\n\n<blockquote class=\"wp-block-quote is-layout-flow wp-block-quote-is-layout-flow\"><p><em>\u201cPrimero que nada, el aumento salarial a los trabajadores que ganan menos de 20 mil pesos, hablamos 7.5 por ciento de manera gradual<\/em>\u201d.<\/p><\/blockquote>\n\n\n\n<p>Habr\u00e1 un aumento en el presupuesto de \u201cLa escuela es nuestra\u201d, que servir\u00e1 para atender las escuelas que han sido saqueadas, la gran mayor\u00eda en el Puerto de Veracruz.<\/p>\n\n\n\n<p>Habl\u00f3 tambi\u00e9n del acuerdo que realiz\u00f3 con la alcaldesa Patricia Lobeira Rodr\u00edguez, quien se comprometi\u00f3 a dar mantenimiento a 40 escuelas robadas durante la pandemia. <\/p>\n\n\n\n<p>Se\u00f1al\u00f3 que, el resto de las escuelas ultrajadas durante la pandemia ser\u00e1n atendidas por la secretar\u00eda su cargo. <\/p>\n\n\n\n<blockquote class=\"wp-block-quote is-layout-flow wp-block-quote-is-layout-flow\"><p>&#8220;<em>Ustedes vieron que hace unos meses tuve una reuni\u00f3n con la alcaldesa de aqu\u00ed del puerto, en la cual ella se compromete, como nosotros tambi\u00e9n como Gobierno del Estado, de las 80 escuelas, ella 40 y nosotros las dem\u00e1s, un poco m\u00e1s de 40 escuelas, nosotros. En ese sentido, agradezco esa participaci\u00f3n, porque si no es as\u00ed, que trabajamos en conjunto, primero que nada ayuntamientos, nosotros Gobierno del estado y al apoyo Federal, es c\u00f3mo vamos a salir<\/em>\u201d.<\/p><\/blockquote>\n\n\n\n<p>Respecto de la manifestaci\u00f3n de los empleados de la delegaci\u00f3n Veracruz de la SEV asegur\u00f3 que, la Oficial Mayor, Ariadna Selene Aguilar Amaya, ya se encuentra revisando la situaci\u00f3n y buscando la soluci\u00f3n para los involucrados. <\/p>\n\n\n\n<p>Finalmente dijo que la participaci\u00f3n de la ciudadan\u00eda en general es importante para evitar m\u00e1s saqueos en los planteles escolares del territorio veracruzano.<\/p>\n","protected":false},"excerpt":{"rendered":"<p>Jes\u00fas Utrilla \/ NV Noticias Veracruz se ubica entre los primeros lugares en materia educativa afirm\u00f3 el secretario de educaci\u00f3n Zeyanzen Escobar Garc\u00eda. \u00c9l junto con el gobernador Cuitlahuac Garc\u00eda Jim\u00e9nez encabezaron el Festejo del D\u00eda del Trabajo en el WTC de Boca Del R\u00edo. Dijo que en Veracruz hay 137 mil maestros y 90 [&hellip;]<\/p>\n","protected":false},"author":8,"featured_media":55067,"comment_status":"open","ping_status":"open","sticky":false,"template":"","format":"standard","meta":{"_monsterinsights_skip_tracking":false,"_monsterinsights_sitenote_active":false,"_monsterinsights_sitenote_note":"","_monsterinsights_sitenote_category":0,"footnotes":""},"categories":[154],"tags":[3109,9312,162,1941,1424],"class_list":["post-55059","post","type-post","status-publish","format-standard","has-post-thumbnail","hentry","category-veracruz","tag-aumento","tag-magisterio-veracruzano","tag-portada","tag-salario","tag-zenyazen-escobar","wp-image-borders"],"amp_enabled":true,"_links":{"self":[{"href":"https:\/\/nvnoticias.mx\/index.php\/wp-json\/wp\/v2\/posts\/55059","targetHints":{"allow":["GET"]}}],"collection":[{"href":"https:\/\/nvnoticias.mx\/index.php\/wp-json\/wp\/v2\/posts"}],"about":[{"href":"https:\/\/nvnoticias.mx\/index.php\/wp-json\/wp\/v2\/types\/post"}],"author":[{"embeddable":true,"href":"https:\/\/nvnoticias.mx\/index.php\/wp-json\/wp\/v2\/users\/8"}],"replies":[{"embeddable":true,"href":"https:\/\/nvnoticias.mx\/index.php\/wp-json\/wp\/v2\/comments?post=55059"}],"version-history":[{"count":1,"href":"https:\/\/nvnoticias.mx\/index.php\/wp-json\/wp\/v2\/posts\/55059\/revisions"}],"predecessor-version":[{"id":55068,"href":"https:\/\/nvnoticias.mx\/index.php\/wp-json\/wp\/v2\/posts\/55059\/revisions\/55068"}],"wp:featuredmedia":[{"embeddable":true,"href":"https:\/\/nvnoticias.mx\/index.php\/wp-json\/wp\/v2\/media\/55067"}],"wp:attachment":[{"href":"https:\/\/nvnoticias.mx\/index.php\/wp-json\/wp\/v2\/media?parent=55059"}],"wp:term":[{"taxonomy":"category","embeddable":true,"href":"https:\/\/nvnoticias.mx\/index.php\/wp-json\/wp\/v2\/categories?post=55059"},{"taxonomy":"post_tag","embeddable":true,"href":"https:\/\/nvnoticias.mx\/index.php\/wp-json\/wp\/v2\/tags?post=55059"}],"curies":[{"name":"wp","href":"https:\/\/api.w.org\/{rel}","templated":true}]}}