{"id":55021,"date":"2022-05-16T14:04:59","date_gmt":"2022-05-16T19:04:59","guid":{"rendered":"https:\/\/nvnoticias.mx\/?p=55021"},"modified":"2022-05-16T14:05:01","modified_gmt":"2022-05-16T19:05:01","slug":"be-grand-copilco-desde-un-inicio-no-era-viable-claudia-sheinbaum","status":"publish","type":"post","link":"https:\/\/nvnoticias.mx\/index.php\/2022\/05\/16\/be-grand-copilco-desde-un-inicio-no-era-viable-claudia-sheinbaum\/","title":{"rendered":"Be Grand Copilco desde un inici\u00f3 no era viable: Claudia Sheinbaum"},"content":{"rendered":"\n<p>En el inicio de la jornada notaria en la explanada de la alcald\u00eda&nbsp;<strong>Gustavo A Madero<\/strong>, la funcionaria insisti\u00f3 en lo que desde hace m\u00e1s de tres a\u00f1os viene defendiendo y es que este desarrollo no tiene sustento t\u00e9cnico ni jur\u00eddico para llevarse a cabo.&nbsp;<\/p>\n\n\n\n<blockquote class=\"wp-block-quote is-layout-flow wp-block-quote-is-layout-flow\"><p>\u201cAs\u00ed como estaba el proyecto originalmente, no era viable, siempre dijimos que, inclusive, mover potencialidades de otros lados para ese proyecto no ten\u00eda, no solamente el sustento t\u00e9cnico, jur\u00eddico, legal, sino que adem\u00e1s, afectaba a un sitio patrimonial tan importante como la Universidad Nacional Aut\u00f3noma de M\u00e9xico\u201d, refiri\u00f3.&nbsp;<\/p><\/blockquote>\n\n\n\n<p>Al cuestionarle sobre su opini\u00f3n respecto a un proyecto de sentencia de la&nbsp;<strong>Suprema Corte de la Naci\u00f3n (SCJN)<\/strong>&nbsp;que propone&nbsp;amparar a la&nbsp;<strong>Universidad Nacional Aut\u00f3noma de M\u00e9xico (UNAM)&nbsp;<\/strong>y por ende se anule la autorizaci\u00f3n de la construcci\u00f3n de este desarrollo,&nbsp;<strong>Sheinbaum Pardo<\/strong>&nbsp;explic\u00f3 que se posicionar\u00e1 una vez que este sea votado.&nbsp;<\/p>\n\n\n\n<blockquote class=\"wp-block-quote is-layout-flow wp-block-quote-is-layout-flow\"><p>\u201cVamos a esperar a ver cu\u00e1l es la resoluci\u00f3n, c\u00f3mo est\u00e1 escrito\u201d, explic\u00f3.&nbsp;<\/p><\/blockquote>\n\n\n\n<blockquote class=\"wp-block-quote is-layout-flow wp-block-quote-is-layout-flow\"><p>A\u00f1adi\u00f3 que una vez que la Corte haya determinado una resoluci\u00f3n sobre el caso \u201c(veremos) &nbsp;a partir de ah\u00ed, lo que tenga que hacer el Gobierno de la Ciudad\u201d.&nbsp;<\/p><\/blockquote>\n\n\n\n<p>El proyecto en cuesti\u00f3n busca construir tres torres: dos de 23 niveles y una de 27 niveles, para 616 viviendas, tienda de autoservicio, servicios y siete s\u00f3tanos para estacionamiento en el predio ubicado en&nbsp;<strong>avenida Copilco; esto muy cerca de Ciudad Universitaria.&nbsp;<\/strong><\/p>\n\n\n\n<p>En 2007, CU fue inscrito en la lista del\u00a0<strong>Patrimonio Mundial de la Organizaci\u00f3n de las Naciones Unidas para la Educaci\u00f3n<\/strong>, la Ciencia y la Cultura, lo que implica que las construcciones de esa zona est\u00e1n limitadas a dos niveles.<\/p>\n\n\n\n<p>Fuente: <a href=\"https:\/\/heraldodemexico.com.mx\/nacional\/2022\/5\/16\/be-grand-copilco-desde-un-inicio-no-era-viable-claudia-sheinbaum-404889.html\" data-type=\"URL\" data-id=\"https:\/\/heraldodemexico.com.mx\/nacional\/2022\/5\/16\/be-grand-copilco-desde-un-inicio-no-era-viable-claudia-sheinbaum-404889.html\">Heraldo de M\u00e9xico<\/a><\/p>\n","protected":false},"excerpt":{"rendered":"<p>En el inicio de la jornada notaria en la explanada de la alcald\u00eda&nbsp;Gustavo A Madero, la funcionaria insisti\u00f3 en lo que desde hace m\u00e1s de tres a\u00f1os viene defendiendo y es que este desarrollo no tiene sustento t\u00e9cnico ni jur\u00eddico para llevarse a cabo.&nbsp; \u201cAs\u00ed como estaba el proyecto originalmente, no era viable, siempre dijimos [&hellip;]<\/p>\n","protected":false},"author":35,"featured_media":55022,"comment_status":"open","ping_status":"open","sticky":false,"template":"","format":"standard","meta":{"_monsterinsights_skip_tracking":false,"_monsterinsights_sitenote_active":false,"_monsterinsights_sitenote_note":"","_monsterinsights_sitenote_category":0,"footnotes":""},"categories":[158],"tags":[14857,2801,11896,14858],"class_list":["post-55021","post","type-post","status-publish","format-standard","has-post-thumbnail","hentry","category-politica","tag-be-grand-copilco","tag-claudia-sheinbaum","tag-inicio-2","tag-viable","wp-image-borders"],"amp_enabled":true,"_links":{"self":[{"href":"https:\/\/nvnoticias.mx\/index.php\/wp-json\/wp\/v2\/posts\/55021","targetHints":{"allow":["GET"]}}],"collection":[{"href":"https:\/\/nvnoticias.mx\/index.php\/wp-json\/wp\/v2\/posts"}],"about":[{"href":"https:\/\/nvnoticias.mx\/index.php\/wp-json\/wp\/v2\/types\/post"}],"author":[{"embeddable":true,"href":"https:\/\/nvnoticias.mx\/index.php\/wp-json\/wp\/v2\/users\/35"}],"replies":[{"embeddable":true,"href":"https:\/\/nvnoticias.mx\/index.php\/wp-json\/wp\/v2\/comments?post=55021"}],"version-history":[{"count":1,"href":"https:\/\/nvnoticias.mx\/index.php\/wp-json\/wp\/v2\/posts\/55021\/revisions"}],"predecessor-version":[{"id":55023,"href":"https:\/\/nvnoticias.mx\/index.php\/wp-json\/wp\/v2\/posts\/55021\/revisions\/55023"}],"wp:featuredmedia":[{"embeddable":true,"href":"https:\/\/nvnoticias.mx\/index.php\/wp-json\/wp\/v2\/media\/55022"}],"wp:attachment":[{"href":"https:\/\/nvnoticias.mx\/index.php\/wp-json\/wp\/v2\/media?parent=55021"}],"wp:term":[{"taxonomy":"category","embeddable":true,"href":"https:\/\/nvnoticias.mx\/index.php\/wp-json\/wp\/v2\/categories?post=55021"},{"taxonomy":"post_tag","embeddable":true,"href":"https:\/\/nvnoticias.mx\/index.php\/wp-json\/wp\/v2\/tags?post=55021"}],"curies":[{"name":"wp","href":"https:\/\/api.w.org\/{rel}","templated":true}]}}