{"id":54974,"date":"2022-05-16T12:47:51","date_gmt":"2022-05-16T17:47:51","guid":{"rendered":"https:\/\/nvnoticias.mx\/?p=54974"},"modified":"2022-05-16T12:47:52","modified_gmt":"2022-05-16T17:47:52","slug":"integrantes-del-sindicato-valentin-gomez-farias-exigen-reinstalacion","status":"publish","type":"post","link":"https:\/\/nvnoticias.mx\/index.php\/2022\/05\/16\/integrantes-del-sindicato-valentin-gomez-farias-exigen-reinstalacion\/","title":{"rendered":"Integrantes del Sindicato Valent\u00edn G\u00f3mez Far\u00edas exigen reinstalaci\u00f3n"},"content":{"rendered":"\n<p><strong>Jes\u00fas Utrilla \/ NV Noticias<\/strong><\/p>\n\n\n\n<p>Los meseros que durante pandemia fueron despedidos del Caf\u00e9 Catedral exigieron su reinstalaci\u00f3n ya que no fueron liquidados sino corridos mediante enga\u00f1os.<\/p>\n\n\n\n<p>Alfredo S\u00e1nchez L\u00f3pez, apoderado legar, se\u00f1al\u00f3 que despidieron a 9 personas y el anterior patr\u00f3n con el nuevo tratan de evadir los derechos laborales.<\/p>\n\n\n\n<p>El Caf\u00e9 Catedral ahora se llama Caf\u00e9 Baluarte y le exigieron cumplir con el Contrato Colectivo de Trabajo.<\/p>\n\n\n\n<p>Los meseros junto con sus familias realizaron una manifestaci\u00f3n afuera de dicho local para exigir sus derechos laborales.<\/p>\n\n\n\n<blockquote class=\"wp-block-quote is-layout-flow wp-block-quote-is-layout-flow\"><p>\u201c<em>Ahorita venimos a pedir que se incorporaran pero no les est\u00e1n dando su fuente de trabajo que es el sustento de sus familias. Por eso estamos aqu\u00ed y exigimos que se les incorpore a su fuente de trabajo. Desafortunadamente utilizando la imagen de cambio de propietario no est\u00e1n cumpliendo con los derechos laborales de ellos<\/em>\u201d.<\/p><\/blockquote>\n\n\n\n<p>Los sindicalizados entregaron a representantes del negocio el Contrato Colectivo de Trabajo que establece que en caso de cambio de propietario que el sindicato debe ser notificado y no se cumpli\u00f3.&nbsp;<\/p>\n\n\n\n<p>Por su parte Mario Manuel Cuevas, Secretario General del Sindicato de Meseros de G\u00f3mez Far\u00edas, dijo que lo mismo ocurre en el Caf\u00e9 La Merced donde despidieron a 28 personas sin liquidaci\u00f3n.<\/p>\n\n\n\n<p>Tambi\u00e9n se interpuso una demanda laboral y esperan que la autoridad resuelva a su favor.&nbsp;<\/p>\n\n\n\n<blockquote class=\"wp-block-quote is-layout-flow wp-block-quote-is-layout-flow\"><p>\u201c<em>Con esto de la pandemia se han demorado y m\u00e1s con las reformas laborales hemos estado parados. Se ve que no hay manera de poder entablar el di\u00e1logo con Ni\u00f1o Baxzi que es el nuevo propietario. Apela a la buena voluntad de que respeten el derecho de los trabajadores y el no respeto el de otros\u201d<\/em>.\u00a0<\/p><\/blockquote>\n\n\n\n<p>El Contrato Colectivo de Trabajo data de 1981 entre Caf\u00e9 Catedral y el Sindicato Valent\u00edn G\u00f3mez Far\u00edas.<\/p>\n","protected":false},"excerpt":{"rendered":"<p>Jes\u00fas Utrilla \/ NV Noticias Los meseros que durante pandemia fueron despedidos del Caf\u00e9 Catedral exigieron su reinstalaci\u00f3n ya que no fueron liquidados sino corridos mediante enga\u00f1os. Alfredo S\u00e1nchez L\u00f3pez, apoderado legar, se\u00f1al\u00f3 que despidieron a 9 personas y el anterior patr\u00f3n con el nuevo tratan de evadir los derechos laborales. El Caf\u00e9 Catedral ahora [&hellip;]<\/p>\n","protected":false},"author":8,"featured_media":54975,"comment_status":"open","ping_status":"open","sticky":false,"template":"","format":"standard","meta":{"_monsterinsights_skip_tracking":false,"_monsterinsights_sitenote_active":false,"_monsterinsights_sitenote_note":"","_monsterinsights_sitenote_category":0,"footnotes":""},"categories":[154],"tags":[14842,14841,14840],"class_list":["post-54974","post","type-post","status-publish","format-standard","has-post-thumbnail","hentry","category-veracruz","tag-cafe-catedral","tag-reinstalacion","tag-sindicato-valentin-gomez-farias","wp-image-borders"],"amp_enabled":true,"_links":{"self":[{"href":"https:\/\/nvnoticias.mx\/index.php\/wp-json\/wp\/v2\/posts\/54974","targetHints":{"allow":["GET"]}}],"collection":[{"href":"https:\/\/nvnoticias.mx\/index.php\/wp-json\/wp\/v2\/posts"}],"about":[{"href":"https:\/\/nvnoticias.mx\/index.php\/wp-json\/wp\/v2\/types\/post"}],"author":[{"embeddable":true,"href":"https:\/\/nvnoticias.mx\/index.php\/wp-json\/wp\/v2\/users\/8"}],"replies":[{"embeddable":true,"href":"https:\/\/nvnoticias.mx\/index.php\/wp-json\/wp\/v2\/comments?post=54974"}],"version-history":[{"count":1,"href":"https:\/\/nvnoticias.mx\/index.php\/wp-json\/wp\/v2\/posts\/54974\/revisions"}],"predecessor-version":[{"id":54976,"href":"https:\/\/nvnoticias.mx\/index.php\/wp-json\/wp\/v2\/posts\/54974\/revisions\/54976"}],"wp:featuredmedia":[{"embeddable":true,"href":"https:\/\/nvnoticias.mx\/index.php\/wp-json\/wp\/v2\/media\/54975"}],"wp:attachment":[{"href":"https:\/\/nvnoticias.mx\/index.php\/wp-json\/wp\/v2\/media?parent=54974"}],"wp:term":[{"taxonomy":"category","embeddable":true,"href":"https:\/\/nvnoticias.mx\/index.php\/wp-json\/wp\/v2\/categories?post=54974"},{"taxonomy":"post_tag","embeddable":true,"href":"https:\/\/nvnoticias.mx\/index.php\/wp-json\/wp\/v2\/tags?post=54974"}],"curies":[{"name":"wp","href":"https:\/\/api.w.org\/{rel}","templated":true}]}}