{"id":54968,"date":"2022-05-16T12:31:57","date_gmt":"2022-05-16T17:31:57","guid":{"rendered":"https:\/\/nvnoticias.mx\/?p=54968"},"modified":"2022-05-16T12:31:58","modified_gmt":"2022-05-16T17:31:58","slug":"frente-nacional-por-la-familia-exige-a-juez-echar-abajo-reforma-sobre-aborto-en-veracruz","status":"publish","type":"post","link":"https:\/\/nvnoticias.mx\/index.php\/2022\/05\/16\/frente-nacional-por-la-familia-exige-a-juez-echar-abajo-reforma-sobre-aborto-en-veracruz\/","title":{"rendered":"Frente Nacional por la Familia exige a juez echar abajo reforma sobre aborto en Veracruz"},"content":{"rendered":"\n<p><strong>Sam Ojeda\u00a0\/ NV Noticias<\/strong><\/p>\n\n\n\n<p>Xalapa.- Este lunes, integrantes del Frente Nacional por la Familia se manifestaron en las oficinas del Poder Judicial de la Federaci\u00f3n para exigir que la solicitud de amparo promovida en contra de la reforma al C\u00f3digo Penal en materia de interrupci\u00f3n legal del embarazo sea resuelta conforme a derecho.\u00a0<\/p>\n\n\n\n<p>El presidente del Frente Nacional por la Familia Xalapa, Gustavo Balderas, inform\u00f3 el movimiento present\u00f3 una solicitud de amparo contra las reformas que aprobaron los diputados locales el pasado 21 de julio de 2021 para permitir el aborto hasta la doceava semana de embarazo.<\/p>\n\n\n\n<p>\u00a0Se\u00f1al\u00f3 que desde su punto de vista la reforma es violatoria del art\u00edculo 4 de la Constituci\u00f3n Pol\u00edtica del estado de Veracruz que se\u00f1ala la protecci\u00f3n de la vida desde el momento de la concepci\u00f3n.\u00a0<\/p>\n\n\n\n<blockquote class=\"wp-block-quote is-layout-flow wp-block-quote-is-layout-flow\"><p>\u201c<em>Estamos para manifestarnos con el juez y pedirle que se respete la Constituci\u00f3n, que resuelva conforma al art\u00edculo 4 que protege la vida desde la concepci\u00f3n<\/em>\u201d.<\/p><\/blockquote>\n\n\n\n<p>Dijo que a pesar de que realizaron varias manifestaciones ante el Congreso local para pedir a los legisladores no aprobar esta reforma, la mayor\u00eda hizo o\u00eddos sordos.\u00a0<\/p>\n\n\n\n<blockquote class=\"wp-block-quote is-layout-flow wp-block-quote-is-layout-flow\"><p>\u201c<em>En el Congreso hicimos varias manifestaciones pero la mayor\u00eda de Morena aprob\u00f3 las modificaciones y por eso recurrimos al proceso de amparo<\/em>\u201d.<\/p><\/blockquote>\n\n\n\n<p>Por ello, este lunes con pancartas en manos acudieron a las instalaciones del Poder Judicial de la Federaci\u00f3n para exigir que \u201cd\u00e9 marcha atr\u00e1s a estas modificaciones inconstitucionales\u201d,<\/p>\n","protected":false},"excerpt":{"rendered":"<p>Sam Ojeda\u00a0\/ NV Noticias Xalapa.- Este lunes, integrantes del Frente Nacional por la Familia se manifestaron en las oficinas del Poder Judicial de la Federaci\u00f3n para exigir que la solicitud de amparo promovida en contra de la reforma al C\u00f3digo Penal en materia de interrupci\u00f3n legal del embarazo sea resuelta conforme a derecho.\u00a0 El presidente [&hellip;]<\/p>\n","protected":false},"author":8,"featured_media":54969,"comment_status":"open","ping_status":"open","sticky":false,"template":"","format":"standard","meta":{"_monsterinsights_skip_tracking":false,"_monsterinsights_sitenote_active":false,"_monsterinsights_sitenote_note":"","_monsterinsights_sitenote_category":0,"footnotes":""},"categories":[156],"tags":[1273,1207,1942],"class_list":["post-54968","post","type-post","status-publish","format-standard","has-post-thumbnail","hentry","category-estado","tag-aborto","tag-frente-nacional-por-la-familia","tag-reforma","wp-image-borders"],"amp_enabled":true,"_links":{"self":[{"href":"https:\/\/nvnoticias.mx\/index.php\/wp-json\/wp\/v2\/posts\/54968","targetHints":{"allow":["GET"]}}],"collection":[{"href":"https:\/\/nvnoticias.mx\/index.php\/wp-json\/wp\/v2\/posts"}],"about":[{"href":"https:\/\/nvnoticias.mx\/index.php\/wp-json\/wp\/v2\/types\/post"}],"author":[{"embeddable":true,"href":"https:\/\/nvnoticias.mx\/index.php\/wp-json\/wp\/v2\/users\/8"}],"replies":[{"embeddable":true,"href":"https:\/\/nvnoticias.mx\/index.php\/wp-json\/wp\/v2\/comments?post=54968"}],"version-history":[{"count":1,"href":"https:\/\/nvnoticias.mx\/index.php\/wp-json\/wp\/v2\/posts\/54968\/revisions"}],"predecessor-version":[{"id":54970,"href":"https:\/\/nvnoticias.mx\/index.php\/wp-json\/wp\/v2\/posts\/54968\/revisions\/54970"}],"wp:featuredmedia":[{"embeddable":true,"href":"https:\/\/nvnoticias.mx\/index.php\/wp-json\/wp\/v2\/media\/54969"}],"wp:attachment":[{"href":"https:\/\/nvnoticias.mx\/index.php\/wp-json\/wp\/v2\/media?parent=54968"}],"wp:term":[{"taxonomy":"category","embeddable":true,"href":"https:\/\/nvnoticias.mx\/index.php\/wp-json\/wp\/v2\/categories?post=54968"},{"taxonomy":"post_tag","embeddable":true,"href":"https:\/\/nvnoticias.mx\/index.php\/wp-json\/wp\/v2\/tags?post=54968"}],"curies":[{"name":"wp","href":"https:\/\/api.w.org\/{rel}","templated":true}]}}