{"id":54941,"date":"2022-05-16T10:42:24","date_gmt":"2022-05-16T15:42:24","guid":{"rendered":"https:\/\/nvnoticias.mx\/?p=54941"},"modified":"2022-05-16T10:42:26","modified_gmt":"2022-05-16T15:42:26","slug":"intensifican-migrantes-uso-de-rutas-maritimas-para-ir-a-eu","status":"publish","type":"post","link":"https:\/\/nvnoticias.mx\/index.php\/2022\/05\/16\/intensifican-migrantes-uso-de-rutas-maritimas-para-ir-a-eu\/","title":{"rendered":"Intensifican migrantes uso de rutas mar\u00edtimas para ir a EU"},"content":{"rendered":"\n<p>Frente al endurecimiento de la vigilancia de las rutas migratorias tradicionales por parte del gobierno mexicano y los riesgos por la presencia del crimen organizado, los centroamericanos est\u00e1n utilizando el mar como v\u00eda para cumplir el sue\u00f1o americano.<\/p>\n\n\n\n<p> De acuerdo con el informe \u201cMar adentro: migrantes y n\u00e1ufragos en el mar\u201d de Naciones Unidas, hay cuatro puntos de internamiento v\u00eda mar\u00edtima, cada uno con diferentes rutas en el sur, sureste, golfo y norte del pa\u00eds. <\/p>\n\n\n\n<p>El primer punto es por la frontera sur desde el Puerto Oc\u00f3s en Guatemala hasta tres destinos confirmados en Chiapas con un precio de entre 400 a 800 d\u00f3lares: Mazat\u00e1n, Puerto Chiapas\u00a0y Pared\u00f3n, con destino desde\u00a0Oaxaca hasta Salina Cruz. Adem\u00e1s,\u00a0hay otras dos posibles rutas: Huatulco y Michoac\u00e1n. <\/p>\n\n\n\n<blockquote class=\"wp-block-quote is-layout-flow wp-block-quote-is-layout-flow\"><p>\u201cLos traficantes conforman grupos de hasta 15 personas de diferentes nacionalidades que aguardan en hoteles de Oc\u00f3s, Guatemala, una vez completando el n\u00famero zarpan en lanchas viejas, pero con doble motor que las hacen viajar a gran velocidad\u201d. <\/p><\/blockquote>\n\n\n\n<p>En la Pen\u00ednsula de Yucat\u00e1n tambi\u00e9n se identificaron rutas mar\u00edtimas para ingresar al pa\u00eds, principalmente de cubanos y centroamericanos, pero tambi\u00e9n hay registros de migrantes de India, China y \u00c1frica. En esta zona, las redes de tr\u00e1fico utilizan las condiciones naturales de la regi\u00f3n para internarse en territorio nacional tales como las reservas naturales en donde hay poca vigilancia.<\/p>\n\n\n\n<p> Las principales rutas rastreadas provienen de Cuba con puntos de acceso a Isla Mujeres y Canc\u00fan, pero tambi\u00e9n se encontraron versiones que algunos ingresan por Belice a trav\u00e9s de las reservas ecol\u00f3gicas. <\/p>\n\n\n\n<p>Fuente: <a href=\"https:\/\/www.milenio.com\/politica\/migrantes-intensifican-uso-de-rutas-maritimas-para-ir-a-eu\" data-type=\"URL\" data-id=\"https:\/\/www.milenio.com\/politica\/migrantes-intensifican-uso-de-rutas-maritimas-para-ir-a-eu\">Milenio<\/a> <\/p>\n","protected":false},"excerpt":{"rendered":"<p>Frente al endurecimiento de la vigilancia de las rutas migratorias tradicionales por parte del gobierno mexicano y los riesgos por la presencia del crimen organizado, los centroamericanos est\u00e1n utilizando el mar como v\u00eda para cumplir el sue\u00f1o americano. De acuerdo con el informe \u201cMar adentro: migrantes y n\u00e1ufragos en el mar\u201d de Naciones Unidas, hay [&hellip;]<\/p>\n","protected":false},"author":35,"featured_media":54945,"comment_status":"open","ping_status":"open","sticky":false,"template":"","format":"standard","meta":{"_monsterinsights_skip_tracking":false,"_monsterinsights_sitenote_active":false,"_monsterinsights_sitenote_note":"","_monsterinsights_sitenote_category":0,"footnotes":""},"categories":[157],"tags":[183,14831,452,14832,9802],"class_list":["post-54941","post","type-post","status-publish","format-standard","has-post-thumbnail","hentry","category-nacional","tag-estados-unidos","tag-intensifican","tag-migrantes","tag-rutas-maritimas","tag-uso","wp-image-borders"],"amp_enabled":true,"_links":{"self":[{"href":"https:\/\/nvnoticias.mx\/index.php\/wp-json\/wp\/v2\/posts\/54941","targetHints":{"allow":["GET"]}}],"collection":[{"href":"https:\/\/nvnoticias.mx\/index.php\/wp-json\/wp\/v2\/posts"}],"about":[{"href":"https:\/\/nvnoticias.mx\/index.php\/wp-json\/wp\/v2\/types\/post"}],"author":[{"embeddable":true,"href":"https:\/\/nvnoticias.mx\/index.php\/wp-json\/wp\/v2\/users\/35"}],"replies":[{"embeddable":true,"href":"https:\/\/nvnoticias.mx\/index.php\/wp-json\/wp\/v2\/comments?post=54941"}],"version-history":[{"count":3,"href":"https:\/\/nvnoticias.mx\/index.php\/wp-json\/wp\/v2\/posts\/54941\/revisions"}],"predecessor-version":[{"id":54944,"href":"https:\/\/nvnoticias.mx\/index.php\/wp-json\/wp\/v2\/posts\/54941\/revisions\/54944"}],"wp:featuredmedia":[{"embeddable":true,"href":"https:\/\/nvnoticias.mx\/index.php\/wp-json\/wp\/v2\/media\/54945"}],"wp:attachment":[{"href":"https:\/\/nvnoticias.mx\/index.php\/wp-json\/wp\/v2\/media?parent=54941"}],"wp:term":[{"taxonomy":"category","embeddable":true,"href":"https:\/\/nvnoticias.mx\/index.php\/wp-json\/wp\/v2\/categories?post=54941"},{"taxonomy":"post_tag","embeddable":true,"href":"https:\/\/nvnoticias.mx\/index.php\/wp-json\/wp\/v2\/tags?post=54941"}],"curies":[{"name":"wp","href":"https:\/\/api.w.org\/{rel}","templated":true}]}}