{"id":54903,"date":"2022-05-16T09:14:41","date_gmt":"2022-05-16T14:14:41","guid":{"rendered":"https:\/\/nvnoticias.mx\/?p=54903"},"modified":"2022-05-16T09:14:42","modified_gmt":"2022-05-16T14:14:42","slug":"acusa-anaya-de-contratar-medicos-cubanos-para-financiar-dictadura-de-cuba","status":"publish","type":"post","link":"https:\/\/nvnoticias.mx\/index.php\/2022\/05\/16\/acusa-anaya-de-contratar-medicos-cubanos-para-financiar-dictadura-de-cuba\/","title":{"rendered":"Acusa Anaya de contratar m\u00e9dicos cubanos para financiar dictadura de Cuba"},"content":{"rendered":"\n<p>Ricardo Anaya reprob\u00f3 este lunes la medida que contempla la&nbsp;<strong>contrataci\u00f3n de m\u00e9dicos cubanos<\/strong>&nbsp;para compensar el d\u00e9ficit que exige la renovaci\u00f3n del sistema de salud en M\u00e9xico.<\/p>\n\n\n\n<p>El militante del PAN calific\u00f3 la medida de \u201ctrampa\u201d pues considera que los sueldos del personal m\u00e9dico financiar\u00e1n directamente a la dictadura de la isla que hoy en d\u00eda dirige Miguel D\u00edaz-Canel.<\/p>\n\n\n\n<p>De acuerdo con el panista, cada m\u00e9dico cubano que vendr\u00e1 a M\u00e9xico recibir\u00eda un salario de 140 mil pesos, aunque no especific\u00f3 de d\u00f3nde obtuvo la cifra. Sin embargo, s\u00ed explic\u00f3 que este dinero en realidad no lo recibir\u00e1n las y los especialistas.<\/p>\n\n\n\n<blockquote class=\"wp-block-quote is-layout-flow wp-block-quote-is-layout-flow\"><p>\u201cLo que pasa es que en realidad las dizque misiones m\u00e9dicas cubanas son una fachada para financiar la dictadura cubana, o sea, el dinero no se lo pagan a los doctores; no creas que cada doctor cubano se queda con 140 mil pesos al mes\u201d, afirm\u00f3 en un video publicado en su cuenta de Twitter.<\/p><\/blockquote>\n\n\n\n<p>Adem\u00e1s, cuestion\u00f3 que se contrate a m\u00e9dicos cubanos cuando en M\u00e9xico \u201chay poco m\u00e1s de 50 mil doctores que no tienen trabajo\u201d.<\/p>\n\n\n\n<blockquote class=\"twitter-tweet\"><p lang=\"es\" dir=\"ltr\">\u00bfEst\u00e1s de acuerdo en que AMLO pague $140,000 al mes por cada m\u00e9dico cubano, cuando los nuestros ganan $20,000 y hay 50,000 sin trabajo?<br>\u00bfEst\u00e1s de acuerdo en meter a M\u00e9xico en un conflicto con Estados Unidos para apoyar a tres dictadores: Maduro, D\u00edaz-Canel y Ortega?<br><br>\u00a1Yo tampoco! <a href=\"https:\/\/t.co\/idW2Y2f0ys\">pic.twitter.com\/idW2Y2f0ys<\/a><\/p>&mdash; RicardoAnayaC (@RicardoAnayaC) <a href=\"https:\/\/twitter.com\/RicardoAnayaC\/status\/1526170605967396865?ref_src=twsrc%5Etfw\">May 16, 2022<\/a><\/blockquote> <script async src=\"https:\/\/platform.twitter.com\/widgets.js\" charset=\"utf-8\"><\/script>\n\n\n\n<p>Al respecto, Anaya dijo que los recursos ir\u00e1n directo a la dictadura cubana, mientras que los doctores vendr\u00e1n bajo amenaza y sus familias se quedar\u00e1n en la isla para ser rehenes. Afirm\u00f3 que la situaci\u00f3n que los especialistas cubanos pasan es \u201cesclavitud moderna\u201d o \u201ctrata de personas\u201d.<\/p>\n\n\n\n<blockquote class=\"wp-block-quote is-layout-flow wp-block-quote-is-layout-flow\"><p>\u201c\u00bfEl gobierno de M\u00e9xico va a prestarse a este enga\u00f1o<strong>\u00a0con tal de darle dinero a la dictadura cubana<\/strong>?\u201d, apunt\u00f3 Anaya en su video.<\/p><\/blockquote>\n\n\n\n<p>Anaya record\u00f3 que L\u00f3pez Obrador ha insistido en que se invite a todos los pa\u00edses a la Cumbre de las Am\u00e9ricas, que se llevar\u00e1 a cabo en Los \u00c1ngeles el mes pr\u00f3ximo. Si esto no ocurre,\u00a0el mandatario ha dicho que no asistir\u00e1, pues para la\u00a0<strong>edici\u00f3n de 2022 ser\u00e1n excluidos\u00a0Cuba, Nicaragua y Venezuela<\/strong>.<\/p>\n\n\n\n<blockquote class=\"wp-block-quote is-layout-flow wp-block-quote-is-layout-flow\"><p>\u201cO sea, va a meter a M\u00e9xico en un conflicto con EU para defender, f\u00edjate a quienes: A\u00a0<strong>Daniel Ortega<\/strong>, de Nicaragua, que meti\u00f3 a la c\u00e1rcel a cinco candidatos, a m\u00e1s de 100 opositores, para poderse reelegir. \u00bfPelearse con EU por\u00a0<strong>(Nicol\u00e1s) Maduro<\/strong>, por la\u00a0<strong>dictadura cubana<\/strong>?. \u00bfTe acuerdas de las protestas de hace pocos meses?\u201d, indic\u00f3.<\/p><\/blockquote>\n\n\n\n<p>El panista a\u00f1adi\u00f3 que la manera de apoyar a los pueblos de Cuba, Nicaragua y Venezuela es se\u00f1alando las atrocidades de sus presidentes.<\/p>\n\n\n\n<blockquote class=\"wp-block-quote is-layout-flow wp-block-quote-is-layout-flow\"><p>\u201cYo tengo una propuesta:\u00a0<strong>devolv\u00e1mosle a M\u00e9xico el lugar que le corresponde en el mundo,\u00a0<\/strong>pong\u00e1monos del lado correcto de la historia: del lado de la democracia, del lado opuesto a los dictadores y los invasores. Mostremos respeto por los pa\u00edses libres, no por los dictadores que masacran a su gente, violan derechos humanos y se perpetuan en el poder\u201d, concluy\u00f3.<\/p><\/blockquote>\n\n\n\n<p>Fuente: El Financiero <\/p>\n","protected":false},"excerpt":{"rendered":"<p>Ricardo Anaya reprob\u00f3 este lunes la medida que contempla la&nbsp;contrataci\u00f3n de m\u00e9dicos cubanos&nbsp;para compensar el d\u00e9ficit que exige la renovaci\u00f3n del sistema de salud en M\u00e9xico. El militante del PAN calific\u00f3 la medida de \u201ctrampa\u201d pues considera que los sueldos del personal m\u00e9dico financiar\u00e1n directamente a la dictadura de la isla que hoy en d\u00eda [&hellip;]<\/p>\n","protected":false},"author":35,"featured_media":20035,"comment_status":"open","ping_status":"open","sticky":false,"template":"","format":"standard","meta":{"_monsterinsights_skip_tracking":false,"_monsterinsights_sitenote_active":false,"_monsterinsights_sitenote_note":"","_monsterinsights_sitenote_category":0,"footnotes":""},"categories":[158],"tags":[14663,2501,14823,12942,317,162,509],"class_list":["post-54903","post","type-post","status-publish","format-standard","has-post-thumbnail","hentry","category-politica","tag-contratar","tag-cuba","tag-dictadura","tag-financiar","tag-medicos","tag-portada","tag-ricardo-anaya","wp-image-borders"],"amp_enabled":true,"_links":{"self":[{"href":"https:\/\/nvnoticias.mx\/index.php\/wp-json\/wp\/v2\/posts\/54903","targetHints":{"allow":["GET"]}}],"collection":[{"href":"https:\/\/nvnoticias.mx\/index.php\/wp-json\/wp\/v2\/posts"}],"about":[{"href":"https:\/\/nvnoticias.mx\/index.php\/wp-json\/wp\/v2\/types\/post"}],"author":[{"embeddable":true,"href":"https:\/\/nvnoticias.mx\/index.php\/wp-json\/wp\/v2\/users\/35"}],"replies":[{"embeddable":true,"href":"https:\/\/nvnoticias.mx\/index.php\/wp-json\/wp\/v2\/comments?post=54903"}],"version-history":[{"count":6,"href":"https:\/\/nvnoticias.mx\/index.php\/wp-json\/wp\/v2\/posts\/54903\/revisions"}],"predecessor-version":[{"id":54909,"href":"https:\/\/nvnoticias.mx\/index.php\/wp-json\/wp\/v2\/posts\/54903\/revisions\/54909"}],"wp:featuredmedia":[{"embeddable":true,"href":"https:\/\/nvnoticias.mx\/index.php\/wp-json\/wp\/v2\/media\/20035"}],"wp:attachment":[{"href":"https:\/\/nvnoticias.mx\/index.php\/wp-json\/wp\/v2\/media?parent=54903"}],"wp:term":[{"taxonomy":"category","embeddable":true,"href":"https:\/\/nvnoticias.mx\/index.php\/wp-json\/wp\/v2\/categories?post=54903"},{"taxonomy":"post_tag","embeddable":true,"href":"https:\/\/nvnoticias.mx\/index.php\/wp-json\/wp\/v2\/tags?post=54903"}],"curies":[{"name":"wp","href":"https:\/\/api.w.org\/{rel}","templated":true}]}}