{"id":5489,"date":"2021-02-23T08:46:21","date_gmt":"2021-02-23T14:46:21","guid":{"rendered":"https:\/\/nvnoticias.mx\/?p=5489"},"modified":"2021-02-23T08:46:23","modified_gmt":"2021-02-23T14:46:23","slug":"hora-de-regreso-a-clases","status":"publish","type":"post","link":"https:\/\/nvnoticias.mx\/index.php\/2021\/02\/23\/hora-de-regreso-a-clases\/","title":{"rendered":"\u00bfHora de regreso a clases?"},"content":{"rendered":"\n<p>Se levant\u00f3 la pol\u00e9mica con el planteamiento que la Asociaci\u00f3n Nacional de Escuelas Particulares hizo a las autoridades educativas y de salud mexicanas de volver a las aulas a partir del 1 de marzo del presente a\u00f1o.<\/p>\n\n\n\n<p>En informaci\u00f3n del portal, Sin embargo, Alfredo Villar Jim\u00e9nez, presidente de esta asociaci\u00f3n, apunt\u00f3 diversos aspectos que est\u00e1n generando una problem\u00e1tica seria por el hecho de no tener clases presenciales ya pr\u00e1cticamente en un a\u00f1o. La presencia de trastornos mentales y emocionales de ni\u00f1as, ni\u00f1os y adolescentes, adem\u00e1s de sus familias y de maestras y maestros es uno de ellos.<\/p>\n\n\n\n<p>Adem\u00e1s, asegur\u00f3 que esta crisis educativa tardar\u00e1 entre seis y 10 a\u00f1os en recuperarse, independientemente de la recuperaci\u00f3n de la salud mental.<\/p>\n\n\n\n<p>Desde el aspecto econ\u00f3mico, el funcionario record\u00f3 que tan solo 20 mil escuelas particulares ya habr\u00edan cerrado por la pandemia. De la misma forma, Arturo Mattiello Canales, presidente de la Federaci\u00f3n de Universidades e Instituciones de Educaci\u00f3n Superior, asever\u00f3 que tan s\u00f3lo en el Estado de Veracruz se ha perdido en un 80 por ciento la matr\u00edcula en las escuelas y universidades privadas, situaci\u00f3n que afecta sustantivamente la econom\u00eda directa de todas las familias que viven de estas instituciones.<\/p>\n\n\n\n<p>Mattiello Canales tambi\u00e9n hizo referencia a los problemas psicol\u00f3gicos y emocionales que est\u00e1n viviendo alumnos, maestros y familiares de los alumnos. <em>&#8220;Est\u00e1n presentando estr\u00e9s post pandemia, s\u00edndrome que los lleva a la frustraci\u00f3n, al enojo, la irritabilidad, la ansiedad y a la depresi\u00f3n. Esto sin dejar a un lado que se van a perder cinco generaciones en el desarrollo educativo de nuestro pa\u00eds&#8221;.<\/em><\/p>\n\n\n\n<p>Sin duda, es dram\u00e1tico lo que se est\u00e1 viviendo en M\u00e9xico por esta causa; los seres humanos somos entes sociales por naturaleza, necesitamos convivir, platicar, interactuar unos con otros; est\u00e1 en nuestro ser. Sin embargo, la apuesta sigue siendo muy riesgosa porque no se tiene la plena certeza de que si los alumnos regresan a clases, esto pueda desatar una nueva ola de contagios.<\/p>\n\n\n\n<p>Arturo Mattiello expuso que la afluencia ser\u00eda de un 30 por ciento de los alumnos y se estar\u00edan llevando clases mixtas, entre presenciales y a distancia, haciendo rotaci\u00f3n con los alumnos para que todos puedan tener clases presenciales. Todo ello aunado a un riguroso protocolo de sanidad para evitar los contagios.<\/p>\n\n\n\n<p>Por donde se le vea pueden existir riesgos, como tambi\u00e9n pueden estar cuando vamos al supermercado, a comer a alg\u00fan restaurante, o a pasear a alg\u00fan lugar de esparcimiento. Las p\u00e9rdidas en materia educativa nos van a pasar una factura muy alta como sociedad, por eso es hora que las distintas instancias de gobierno vayan poni\u00e9ndose de acuerdo con los due\u00f1os de instituciones educativas para buscar el como s\u00ed regresen los alumnos a clases. La pandemia va para largo, tendremos que aprender a vivir con ella. \u00a1No nos queda de otra!<\/p>\n\n\n\n<p class=\"has-text-align-right\"><strong>Jorge Luis Malpica Ortiz<\/strong><\/p>\n","protected":false},"excerpt":{"rendered":"<p>Se levant\u00f3 la pol\u00e9mica con el planteamiento que la Asociaci\u00f3n Nacional de Escuelas Particulares hizo a las autoridades educativas y de salud mexicanas de volver a las aulas a partir del 1 de marzo del presente a\u00f1o. En informaci\u00f3n del portal, Sin embargo, Alfredo Villar Jim\u00e9nez, presidente de esta asociaci\u00f3n, apunt\u00f3 diversos aspectos que est\u00e1n [&hellip;]<\/p>\n","protected":false},"author":27,"featured_media":5500,"comment_status":"open","ping_status":"open","sticky":false,"template":"","format":"standard","meta":{"_monsterinsights_skip_tracking":false,"_monsterinsights_sitenote_active":false,"_monsterinsights_sitenote_note":"","_monsterinsights_sitenote_category":0,"footnotes":""},"categories":[243],"tags":[363],"class_list":["post-5489","post","type-post","status-publish","format-standard","has-post-thumbnail","hentry","category-purgatorio","tag-jorge-luis-malpica-ortiz","wp-image-borders"],"amp_enabled":true,"_links":{"self":[{"href":"https:\/\/nvnoticias.mx\/index.php\/wp-json\/wp\/v2\/posts\/5489","targetHints":{"allow":["GET"]}}],"collection":[{"href":"https:\/\/nvnoticias.mx\/index.php\/wp-json\/wp\/v2\/posts"}],"about":[{"href":"https:\/\/nvnoticias.mx\/index.php\/wp-json\/wp\/v2\/types\/post"}],"author":[{"embeddable":true,"href":"https:\/\/nvnoticias.mx\/index.php\/wp-json\/wp\/v2\/users\/27"}],"replies":[{"embeddable":true,"href":"https:\/\/nvnoticias.mx\/index.php\/wp-json\/wp\/v2\/comments?post=5489"}],"version-history":[{"count":1,"href":"https:\/\/nvnoticias.mx\/index.php\/wp-json\/wp\/v2\/posts\/5489\/revisions"}],"predecessor-version":[{"id":5501,"href":"https:\/\/nvnoticias.mx\/index.php\/wp-json\/wp\/v2\/posts\/5489\/revisions\/5501"}],"wp:featuredmedia":[{"embeddable":true,"href":"https:\/\/nvnoticias.mx\/index.php\/wp-json\/wp\/v2\/media\/5500"}],"wp:attachment":[{"href":"https:\/\/nvnoticias.mx\/index.php\/wp-json\/wp\/v2\/media?parent=5489"}],"wp:term":[{"taxonomy":"category","embeddable":true,"href":"https:\/\/nvnoticias.mx\/index.php\/wp-json\/wp\/v2\/categories?post=5489"},{"taxonomy":"post_tag","embeddable":true,"href":"https:\/\/nvnoticias.mx\/index.php\/wp-json\/wp\/v2\/tags?post=5489"}],"curies":[{"name":"wp","href":"https:\/\/api.w.org\/{rel}","templated":true}]}}