{"id":54824,"date":"2022-05-14T16:51:45","date_gmt":"2022-05-14T21:51:45","guid":{"rendered":"https:\/\/nvnoticias.mx\/?p=54824"},"modified":"2022-05-14T16:51:45","modified_gmt":"2022-05-14T21:51:45","slug":"le-gritan-presidente-en-durango-a-marcelo-ebrard","status":"publish","type":"post","link":"https:\/\/nvnoticias.mx\/index.php\/2022\/05\/14\/le-gritan-presidente-en-durango-a-marcelo-ebrard\/","title":{"rendered":"Le gritan \u201cpresidente\u201d en Durango a Marcelo Ebrard"},"content":{"rendered":"\n<p>\u201c\u00a1Presidente!, \u00a1presidente!\u201d, gritaron en Durango a&nbsp;<strong>Marcelo Ebrard<\/strong>&nbsp;durante un evento de apoyo a la candidata de Morena a la gubernatura,&nbsp;<strong>Marina Vitela<\/strong>.<\/p>\n\n\n\n<p>El titular de la Secretar\u00eda de Relaciones Exteriores acudi\u00f3 en d\u00eda no laboral a la entidad para apoyarla en la campa\u00f1a. Los asistentes, con banderas del partido, gritaron la arenga y la porras.<\/p>\n\n\n\n<p>Este mismo s\u00e1bado, la senadora por Morena, Martha Luc\u00eda M\u00edcher, destap\u00f3 al canciller como aspirante a la candidatura a la presidencia en 2024 y expres\u00f3 su apoyo en Twitter.<\/p>\n\n\n\n<p>Tambi\u00e9n estaba en campa\u00f1a a favor de Vitela, la candidata por la coalici\u00f3n Juntos Hacemos Historia.<\/p>\n\n\n\n<p>Fuente: <a href=\"https:\/\/www.eluniversal.com.mx\/nacion\/presidente-presidente-gritan-en-durango-marcelo-ebrard\" data-type=\"URL\" data-id=\"https:\/\/www.eluniversal.com.mx\/nacion\/presidente-presidente-gritan-en-durango-marcelo-ebrard\">El Universal<\/a> <\/p>\n","protected":false},"excerpt":{"rendered":"<p>\u201c\u00a1Presidente!, \u00a1presidente!\u201d, gritaron en Durango a&nbsp;Marcelo Ebrard&nbsp;durante un evento de apoyo a la candidata de Morena a la gubernatura,&nbsp;Marina Vitela. El titular de la Secretar\u00eda de Relaciones Exteriores acudi\u00f3 en d\u00eda no laboral a la entidad para apoyarla en la campa\u00f1a. Los asistentes, con banderas del partido, gritaron la arenga y la porras. Este mismo [&hellip;]<\/p>\n","protected":false},"author":35,"featured_media":14758,"comment_status":"open","ping_status":"open","sticky":false,"template":"","format":"standard","meta":{"_monsterinsights_skip_tracking":false,"_monsterinsights_sitenote_active":false,"_monsterinsights_sitenote_note":"","_monsterinsights_sitenote_category":0,"footnotes":""},"categories":[158],"tags":[14808,391,411],"class_list":["post-54824","post","type-post","status-publish","format-standard","has-post-thumbnail","hentry","category-politica","tag-gritan","tag-marcelo-ebrard","tag-presidente","wp-image-borders"],"amp_enabled":true,"_links":{"self":[{"href":"https:\/\/nvnoticias.mx\/index.php\/wp-json\/wp\/v2\/posts\/54824","targetHints":{"allow":["GET"]}}],"collection":[{"href":"https:\/\/nvnoticias.mx\/index.php\/wp-json\/wp\/v2\/posts"}],"about":[{"href":"https:\/\/nvnoticias.mx\/index.php\/wp-json\/wp\/v2\/types\/post"}],"author":[{"embeddable":true,"href":"https:\/\/nvnoticias.mx\/index.php\/wp-json\/wp\/v2\/users\/35"}],"replies":[{"embeddable":true,"href":"https:\/\/nvnoticias.mx\/index.php\/wp-json\/wp\/v2\/comments?post=54824"}],"version-history":[{"count":3,"href":"https:\/\/nvnoticias.mx\/index.php\/wp-json\/wp\/v2\/posts\/54824\/revisions"}],"predecessor-version":[{"id":54827,"href":"https:\/\/nvnoticias.mx\/index.php\/wp-json\/wp\/v2\/posts\/54824\/revisions\/54827"}],"wp:featuredmedia":[{"embeddable":true,"href":"https:\/\/nvnoticias.mx\/index.php\/wp-json\/wp\/v2\/media\/14758"}],"wp:attachment":[{"href":"https:\/\/nvnoticias.mx\/index.php\/wp-json\/wp\/v2\/media?parent=54824"}],"wp:term":[{"taxonomy":"category","embeddable":true,"href":"https:\/\/nvnoticias.mx\/index.php\/wp-json\/wp\/v2\/categories?post=54824"},{"taxonomy":"post_tag","embeddable":true,"href":"https:\/\/nvnoticias.mx\/index.php\/wp-json\/wp\/v2\/tags?post=54824"}],"curies":[{"name":"wp","href":"https:\/\/api.w.org\/{rel}","templated":true}]}}