{"id":54818,"date":"2022-05-14T16:39:32","date_gmt":"2022-05-14T21:39:32","guid":{"rendered":"https:\/\/nvnoticias.mx\/?p=54818"},"modified":"2022-05-14T16:39:34","modified_gmt":"2022-05-14T21:39:34","slug":"sumando-esfuerzos-de-evitara-el-alza-a-la-tortilla-aceite-y-otros-productos","status":"publish","type":"post","link":"https:\/\/nvnoticias.mx\/index.php\/2022\/05\/14\/sumando-esfuerzos-de-evitara-el-alza-a-la-tortilla-aceite-y-otros-productos\/","title":{"rendered":"Sumando esfuerzos de evitar\u00e1 el alza a la tortilla, aceite y otros productos"},"content":{"rendered":"\n<p><strong>Jes\u00fas Utrilla | NV Noticias <\/strong><\/p>\n\n\n\n<p>Se aumentar\u00e1 la producci\u00f3n de granos para evitar alza a la tortilla y aceite pero se requiere la suma de esfuerzos para frenar la inflaci\u00f3n, dijo el subsecretario de Inclusi\u00f3n Productiva y Desarrollo Rural de la Secretar\u00eda del Bienestar, Hugo Raul Paulin Hern\u00e1ndez.<\/p>\n\n\n\n<p>Al asistir a las Jornadas de Producci\u00f3n para el Autoconsumo Zona Sureste, dijo que la escalada de precios afecta a la poblaci\u00f3n m\u00e1s pobre y vulnerable del pa\u00eds.<\/p>\n\n\n\n<p>Por ello sumando fuerzas y conocimientos junto con los campesinos de las comunidades rurales mejorar\u00e1 el campo.&nbsp;<\/p>\n\n\n\n<p>Adem\u00e1s el paquete impulsado por el presidente convoc\u00f3 a emprender la campa\u00f1a de producci\u00f3n para el autoconsumo que busca aumentar la producci\u00f3n de granos b\u00e1sicos.<\/p>\n\n\n\n<p>Aunado a ello Se producir\u00e1n 37 millones de toneladas de fertilizantes org\u00e1nicos, 2.5 millones toneladas de ma\u00edz y 50 mil toneladas adicionales de frijol.<\/p>\n\n\n\n<p>Todo esto porque los programas Producci\u00f3n para el Bienestar y Sembrando Vida buscar\u00e1n aumentar la producci\u00f3n.<\/p>\n\n\n\n<p>Coment\u00f3 que en el marco del paquete contra la inflaci\u00f3n y carest\u00eda se emprendi\u00f3 la campa\u00f1a de producci\u00f3n para el autoconsumo para generar m\u00e1s granos b\u00e1sicos y frenar el aumento de precio de ma\u00edz, tortilla, frijol, aceite, entre otros.<\/p>\n\n\n\n<p>Reiter\u00f3 que es prioritario el trabajo coordinado para enfrentar la crisis inflacionaria que se vive en el mundo.<\/p>\n","protected":false},"excerpt":{"rendered":"<p>Jes\u00fas Utrilla | NV Noticias Se aumentar\u00e1 la producci\u00f3n de granos para evitar alza a la tortilla y aceite pero se requiere la suma de esfuerzos para frenar la inflaci\u00f3n, dijo el subsecretario de Inclusi\u00f3n Productiva y Desarrollo Rural de la Secretar\u00eda del Bienestar, Hugo Raul Paulin Hern\u00e1ndez. Al asistir a las Jornadas de Producci\u00f3n [&hellip;]<\/p>\n","protected":false},"author":35,"featured_media":54820,"comment_status":"open","ping_status":"open","sticky":false,"template":"","format":"standard","meta":{"_monsterinsights_skip_tracking":false,"_monsterinsights_sitenote_active":false,"_monsterinsights_sitenote_note":"","_monsterinsights_sitenote_category":0,"footnotes":""},"categories":[154],"tags":[14806,7541,9934,14805,14804,1536],"class_list":["post-54818","post","type-post","status-publish","format-standard","has-post-thumbnail","hentry","category-veracruz","tag-aceite","tag-alza","tag-esfuerzos","tag-evitara","tag-sumando","tag-tortilla","wp-image-borders"],"amp_enabled":true,"_links":{"self":[{"href":"https:\/\/nvnoticias.mx\/index.php\/wp-json\/wp\/v2\/posts\/54818","targetHints":{"allow":["GET"]}}],"collection":[{"href":"https:\/\/nvnoticias.mx\/index.php\/wp-json\/wp\/v2\/posts"}],"about":[{"href":"https:\/\/nvnoticias.mx\/index.php\/wp-json\/wp\/v2\/types\/post"}],"author":[{"embeddable":true,"href":"https:\/\/nvnoticias.mx\/index.php\/wp-json\/wp\/v2\/users\/35"}],"replies":[{"embeddable":true,"href":"https:\/\/nvnoticias.mx\/index.php\/wp-json\/wp\/v2\/comments?post=54818"}],"version-history":[{"count":1,"href":"https:\/\/nvnoticias.mx\/index.php\/wp-json\/wp\/v2\/posts\/54818\/revisions"}],"predecessor-version":[{"id":54819,"href":"https:\/\/nvnoticias.mx\/index.php\/wp-json\/wp\/v2\/posts\/54818\/revisions\/54819"}],"wp:featuredmedia":[{"embeddable":true,"href":"https:\/\/nvnoticias.mx\/index.php\/wp-json\/wp\/v2\/media\/54820"}],"wp:attachment":[{"href":"https:\/\/nvnoticias.mx\/index.php\/wp-json\/wp\/v2\/media?parent=54818"}],"wp:term":[{"taxonomy":"category","embeddable":true,"href":"https:\/\/nvnoticias.mx\/index.php\/wp-json\/wp\/v2\/categories?post=54818"},{"taxonomy":"post_tag","embeddable":true,"href":"https:\/\/nvnoticias.mx\/index.php\/wp-json\/wp\/v2\/tags?post=54818"}],"curies":[{"name":"wp","href":"https:\/\/api.w.org\/{rel}","templated":true}]}}