{"id":54779,"date":"2022-05-14T13:10:48","date_gmt":"2022-05-14T18:10:48","guid":{"rendered":"https:\/\/nvnoticias.mx\/?p=54779"},"modified":"2022-05-14T13:10:48","modified_gmt":"2022-05-14T18:10:48","slug":"denuncia-paulina-goto-que-se-sintio-amenazada-en-un-uber","status":"publish","type":"post","link":"https:\/\/nvnoticias.mx\/index.php\/2022\/05\/14\/denuncia-paulina-goto-que-se-sintio-amenazada-en-un-uber\/","title":{"rendered":"Denuncia Paulina Goto que se sinti\u00f3 amenazada en un Uber"},"content":{"rendered":"\n<p><strong>Paulina Goto<\/strong>\u00a0vivi\u00f3 un momento de susto mientras viajaba en\u00a0<strong>Uber<\/strong>,\u00a0un servicio de tranporte por aplicaci\u00f3n, a trav\u00e9s de sus redes sociales la actriz denunci\u00f3 que se sinti\u00f3 amenazada y en peligro con el\u00a0comportamiento del conductor.\u00a0<\/p>\n\n\n\n<p>Goto narra que fue tanto el miedo que sinti\u00f3, que tuvo que bajarse del carro mientras \u00e9ste se encontraba en movimiento; recomend\u00f3 a la gente hacerle caso a la intuici\u00f3n cuando sientan que algo no est\u00e1 bien.&nbsp;<\/p>\n\n\n\n<blockquote class=\"wp-block-quote is-layout-flow wp-block-quote-is-layout-flow\"><p>&#8220;@Uber_Support por favor tomen cartas en el asunto. Estoy bien GAD pero estoy muy asustada. Chicxs cu\u00eddense mucho y h\u00e1ganse caso cu\u00e1ndo sientan que algo no est\u00e1 bien&#8221;.<\/p><\/blockquote>\n\n\n\n<p>En su relato, que adjunt\u00f3 en su denuncia por Twitter, la actriz de la serie &#8220;Madre solo hay dos&#8221; cont\u00f3 que el momento en el que sinti\u00f3 m\u00e1s miedo fue cuando le pidi\u00f3 al conductor que se detuviera para ella poder bajarse y no lo hizo, asegur\u00e1ndole que &#8220;no le iba a pasar nada&#8221;.&nbsp;<\/p>\n\n\n\n<blockquote class=\"wp-block-quote is-layout-flow wp-block-quote-is-layout-flow\"><p>\u201cEste conductor me acaba de meter el susto de mi vida. Me sub\u00ed al coche y baj\u00e9 la ventana (siempre lo hago, pues me hace sentir m\u00e1s segura) y en seguida el conductor la subi\u00f3 y le puso seguro para que no pudiera bajarla. Le ped\u00ed me dejara bajarla de nuevo y quitara el seguro y me dijo que no. Le ped\u00ed que parara el coche, que me quer\u00eda bajar y me dijo que no, y \u2018que no me iba a pasar nada\u2019. Tuve que abrir la puerta y saltar mientras el coche avanzaba\u201d, se lee.\u00a0<\/p><\/blockquote>\n\n\n\n<p>Seguidores de la protagonista de la telenovela &#8220;Vencer el desamor&#8221;, le enviaron buenos deseos y apapachos ante el trago amargo.\u00a0<\/p>\n\n\n\n<p>La aplicaci\u00f3n ya se puso en contacto con la actriz, le pidi\u00f3 que por mensaje directo les mande toda la informaci\u00f3n para poder tomar las acciones correspondientes.&nbsp;<\/p>\n\n\n\n<blockquote class=\"wp-block-quote is-layout-flow wp-block-quote-is-layout-flow\"><p>&#8220;@soypaulinagoto, nuestra prioridad es tu seguridad y el que te encuentres bien. Para iniciar una investigaci\u00f3n, s\u00edguenos\u00a0por@Uber_Support y escr\u00edbenos por DM para solicitarte m\u00e1s informaci\u00f3n por esa v\u00eda y as\u00ed poder tomar las acciones correspondientes. Esperamos tu respuesta&#8221;.<\/p><\/blockquote>\n\n\n\n<p>Usuarios pidieron a la aplicaci\u00f3n hacer algo m\u00e1s que s\u00f3lo despedir a los conductores.&nbsp;<\/p>\n\n\n\n<blockquote class=\"wp-block-quote is-layout-flow wp-block-quote-is-layout-flow\"><p>&#8220;Ya hagan algo m\u00e1s que sacar de la plataforma a los choferes, ustedes tienen toda la informaci\u00f3n de esas personas, \u00a1h\u00e1ganse responsables de la parte que les toca!&#8221;.\u00a0<\/p><\/blockquote>\n\n\n\n<p>Fuente: <a href=\"https:\/\/www.eluniversal.com.mx\/espectaculos\/paulina-goto-denuncia-que-se-sintio-amenazada-en-un-uber\" data-type=\"URL\" data-id=\"https:\/\/www.eluniversal.com.mx\/espectaculos\/paulina-goto-denuncia-que-se-sintio-amenazada-en-un-uber\">El Universal<\/a><\/p>\n","protected":false},"excerpt":{"rendered":"<p>Paulina Goto\u00a0vivi\u00f3 un momento de susto mientras viajaba en\u00a0Uber,\u00a0un servicio de tranporte por aplicaci\u00f3n, a trav\u00e9s de sus redes sociales la actriz denunci\u00f3 que se sinti\u00f3 amenazada y en peligro con el\u00a0comportamiento del conductor.\u00a0 Goto narra que fue tanto el miedo que sinti\u00f3, que tuvo que bajarse del carro mientras \u00e9ste se encontraba en movimiento; [&hellip;]<\/p>\n","protected":false},"author":35,"featured_media":54780,"comment_status":"open","ping_status":"open","sticky":false,"template":"","format":"standard","meta":{"_monsterinsights_skip_tracking":false,"_monsterinsights_sitenote_active":false,"_monsterinsights_sitenote_note":"","_monsterinsights_sitenote_category":0,"footnotes":""},"categories":[576],"tags":[14786,206,11778,14785,1850],"class_list":["post-54779","post","type-post","status-publish","format-standard","has-post-thumbnail","hentry","category-ocio","tag-amenazada","tag-denuncia","tag-paulina-goto","tag-sintio","tag-uber","wp-image-borders"],"amp_enabled":true,"_links":{"self":[{"href":"https:\/\/nvnoticias.mx\/index.php\/wp-json\/wp\/v2\/posts\/54779","targetHints":{"allow":["GET"]}}],"collection":[{"href":"https:\/\/nvnoticias.mx\/index.php\/wp-json\/wp\/v2\/posts"}],"about":[{"href":"https:\/\/nvnoticias.mx\/index.php\/wp-json\/wp\/v2\/types\/post"}],"author":[{"embeddable":true,"href":"https:\/\/nvnoticias.mx\/index.php\/wp-json\/wp\/v2\/users\/35"}],"replies":[{"embeddable":true,"href":"https:\/\/nvnoticias.mx\/index.php\/wp-json\/wp\/v2\/comments?post=54779"}],"version-history":[{"count":1,"href":"https:\/\/nvnoticias.mx\/index.php\/wp-json\/wp\/v2\/posts\/54779\/revisions"}],"predecessor-version":[{"id":54781,"href":"https:\/\/nvnoticias.mx\/index.php\/wp-json\/wp\/v2\/posts\/54779\/revisions\/54781"}],"wp:featuredmedia":[{"embeddable":true,"href":"https:\/\/nvnoticias.mx\/index.php\/wp-json\/wp\/v2\/media\/54780"}],"wp:attachment":[{"href":"https:\/\/nvnoticias.mx\/index.php\/wp-json\/wp\/v2\/media?parent=54779"}],"wp:term":[{"taxonomy":"category","embeddable":true,"href":"https:\/\/nvnoticias.mx\/index.php\/wp-json\/wp\/v2\/categories?post=54779"},{"taxonomy":"post_tag","embeddable":true,"href":"https:\/\/nvnoticias.mx\/index.php\/wp-json\/wp\/v2\/tags?post=54779"}],"curies":[{"name":"wp","href":"https:\/\/api.w.org\/{rel}","templated":true}]}}