{"id":54714,"date":"2022-05-14T09:30:00","date_gmt":"2022-05-14T14:30:00","guid":{"rendered":"https:\/\/nvnoticias.mx\/?p=54714"},"modified":"2022-05-14T09:30:02","modified_gmt":"2022-05-14T14:30:02","slug":"estoy-con-ebrard-futuro-presidente-de-mexico-lucia-micher-camarena","status":"publish","type":"post","link":"https:\/\/nvnoticias.mx\/index.php\/2022\/05\/14\/estoy-con-ebrard-futuro-presidente-de-mexico-lucia-micher-camarena\/","title":{"rendered":"Estoy con Ebrard futuro presidente de M\u00e9xico: Luc\u00eda M\u00edcher Camarena"},"content":{"rendered":"\n<p>La senadora por&nbsp;<strong>Morena<\/strong>,&nbsp;<strong>Martha Luc\u00eda M\u00edcher Camarena<\/strong>, destap\u00f3 al canciller<strong>&nbsp;Marcelo Ebrard Casaub\u00f3n<\/strong>&nbsp;como aspirante a la candidatura &nbsp;a la presidencia de M\u00e9xico en el 2024 y expres\u00f3 su apoyo al funcionario.&nbsp;<\/p>\n\n\n\n<p>A trav\u00e9s de su ceunta de Twitter, la funcionaria escribi\u00f3: &#8220;Estoy con @m_ebrard futuro presidente de M\u00e9xico, rumbo a #Durango para acompa\u00f1ar a @MarinaVitela_ futura gobernadora&#8221;.<\/p>\n\n\n\n<p>Asimismo, hizo campa\u00f1a a favor de la candidata a la gubernatura de Durango por la Coalici\u00f3n Juntos Hacemos Historia,&nbsp;<strong>Marina Vitela<\/strong>.<\/p>\n\n\n\n<blockquote class=\"wp-block-quote is-layout-flow wp-block-quote-is-layout-flow\"><p><br>&#8220;Otro Durango es posible con una mujer de trabajo y compromiso por las mujeres y ni\u00f1as. Ya falta poco muy poco para el triunfo&#8221;.<br>&nbsp;<\/p><\/blockquote>\n\n\n\n<p>Fuente: <a href=\"https:\/\/www.eluniversal.com.mx\/nacion\/estoy-con-ebrard-futuro-presidente-de-mexico-lucia-micher-camarena-elige-bando-rumbo-al-2024\" data-type=\"URL\" data-id=\"https:\/\/www.eluniversal.com.mx\/nacion\/estoy-con-ebrard-futuro-presidente-de-mexico-lucia-micher-camarena-elige-bando-rumbo-al-2024\">El Universal <\/a><\/p>\n","protected":false},"excerpt":{"rendered":"<p>La senadora por&nbsp;Morena,&nbsp;Martha Luc\u00eda M\u00edcher Camarena, destap\u00f3 al canciller&nbsp;Marcelo Ebrard Casaub\u00f3n&nbsp;como aspirante a la candidatura &nbsp;a la presidencia de M\u00e9xico en el 2024 y expres\u00f3 su apoyo al funcionario.&nbsp; A trav\u00e9s de su ceunta de Twitter, la funcionaria escribi\u00f3: &#8220;Estoy con @m_ebrard futuro presidente de M\u00e9xico, rumbo a #Durango para acompa\u00f1ar a @MarinaVitela_ futura gobernadora&#8221;. [&hellip;]<\/p>\n","protected":false},"author":35,"featured_media":1140,"comment_status":"open","ping_status":"open","sticky":false,"template":"","format":"standard","meta":{"_monsterinsights_skip_tracking":false,"_monsterinsights_sitenote_active":false,"_monsterinsights_sitenote_note":"","_monsterinsights_sitenote_category":0,"footnotes":""},"categories":[158],"tags":[1796,14765,391,292,411],"class_list":["post-54714","post","type-post","status-publish","format-standard","has-post-thumbnail","hentry","category-politica","tag-futuro","tag-lucia-micher-camarena","tag-marcelo-ebrard","tag-mexico","tag-presidente","wp-image-borders"],"amp_enabled":true,"_links":{"self":[{"href":"https:\/\/nvnoticias.mx\/index.php\/wp-json\/wp\/v2\/posts\/54714","targetHints":{"allow":["GET"]}}],"collection":[{"href":"https:\/\/nvnoticias.mx\/index.php\/wp-json\/wp\/v2\/posts"}],"about":[{"href":"https:\/\/nvnoticias.mx\/index.php\/wp-json\/wp\/v2\/types\/post"}],"author":[{"embeddable":true,"href":"https:\/\/nvnoticias.mx\/index.php\/wp-json\/wp\/v2\/users\/35"}],"replies":[{"embeddable":true,"href":"https:\/\/nvnoticias.mx\/index.php\/wp-json\/wp\/v2\/comments?post=54714"}],"version-history":[{"count":4,"href":"https:\/\/nvnoticias.mx\/index.php\/wp-json\/wp\/v2\/posts\/54714\/revisions"}],"predecessor-version":[{"id":54718,"href":"https:\/\/nvnoticias.mx\/index.php\/wp-json\/wp\/v2\/posts\/54714\/revisions\/54718"}],"wp:featuredmedia":[{"embeddable":true,"href":"https:\/\/nvnoticias.mx\/index.php\/wp-json\/wp\/v2\/media\/1140"}],"wp:attachment":[{"href":"https:\/\/nvnoticias.mx\/index.php\/wp-json\/wp\/v2\/media?parent=54714"}],"wp:term":[{"taxonomy":"category","embeddable":true,"href":"https:\/\/nvnoticias.mx\/index.php\/wp-json\/wp\/v2\/categories?post=54714"},{"taxonomy":"post_tag","embeddable":true,"href":"https:\/\/nvnoticias.mx\/index.php\/wp-json\/wp\/v2\/tags?post=54714"}],"curies":[{"name":"wp","href":"https:\/\/api.w.org\/{rel}","templated":true}]}}