{"id":54597,"date":"2022-05-13T11:47:22","date_gmt":"2022-05-13T16:47:22","guid":{"rendered":"https:\/\/nvnoticias.mx\/?p=54597"},"modified":"2022-05-13T11:47:23","modified_gmt":"2022-05-13T16:47:23","slug":"veracruz-logra-concesion-de-15-anos-para-rtv","status":"publish","type":"post","link":"https:\/\/nvnoticias.mx\/index.php\/2022\/05\/13\/veracruz-logra-concesion-de-15-anos-para-rtv\/","title":{"rendered":"Veracruz logra concesi\u00f3n de 15 a\u00f1os para RTV"},"content":{"rendered":"\n<p><strong>Sam Ojeda\u00a0| NV Noticias <\/strong><\/p>\n\n\n\n<p>Xalapa.- El gobernador de Veracruz inform\u00f3 que ya fue entregada la concesi\u00f3n por 15 a\u00f1os para el canal Radio Televisi\u00f3n de Veracruz (RTV).<\/p>\n\n\n\n<p>El mandatario acudi\u00f3 a las instalaciones de l Instituto Federal de Telecomunicaciones (IFETEL) en Ciudad de M\u00e9xico para recibir la concesi\u00f3n.<\/p>\n\n\n\n<p>Hay que recordar que por varias semanas la se\u00f1al se vio interrumpida por el t\u00e9rmino del plazo de concesi\u00f3n.\u00a0<\/p>\n\n\n\n<blockquote class=\"wp-block-quote is-layout-flow wp-block-quote-is-layout-flow\"><p>\u201cNos trasladamos a CDMX para recibir, en las instalaciones del Instituto Federal de Telecomunicaciones, el t\u00edtulo de concesi\u00f3n de Radio y Televisi\u00f3n de Veracruz por 15 a\u00f1os m\u00e1s, que por desidia de las anteriores administraciones no se renov\u00f3\u201d, dijo.<\/p><\/blockquote>\n\n\n\n<p>El mandatario record\u00f3 que durante la contingencia sanitaria fue a trav\u00e9s de la radio y televisi\u00f3n, que la Secretar\u00eda de Educaci\u00f3n de Veracruz (SEV) logr\u00f3 acercar la oferta educativa.<\/p>\n\n\n\n<p>Y que se consolidaron los programas \u201cVeracruz Educando a Distancia\u201d, \u201cAprende en Casa\u201d y \u201cMatem\u00e1ticas para todos\u201d.<\/p>\n","protected":false},"excerpt":{"rendered":"<p>Sam Ojeda\u00a0| NV Noticias Xalapa.- El gobernador de Veracruz inform\u00f3 que ya fue entregada la concesi\u00f3n por 15 a\u00f1os para el canal Radio Televisi\u00f3n de Veracruz (RTV). El mandatario acudi\u00f3 a las instalaciones de l Instituto Federal de Telecomunicaciones (IFETEL) en Ciudad de M\u00e9xico para recibir la concesi\u00f3n. Hay que recordar que por varias semanas [&hellip;]<\/p>\n","protected":false},"author":35,"featured_media":36792,"comment_status":"open","ping_status":"open","sticky":false,"template":"","format":"standard","meta":{"_monsterinsights_skip_tracking":false,"_monsterinsights_sitenote_active":false,"_monsterinsights_sitenote_note":"","_monsterinsights_sitenote_category":0,"footnotes":""},"categories":[156],"tags":[14731,10574,8731,180],"class_list":["post-54597","post","type-post","status-publish","format-standard","has-post-thumbnail","hentry","category-estado","tag-concesion-2","tag-logra","tag-rtv","tag-veracruz","wp-image-borders"],"amp_enabled":true,"_links":{"self":[{"href":"https:\/\/nvnoticias.mx\/index.php\/wp-json\/wp\/v2\/posts\/54597","targetHints":{"allow":["GET"]}}],"collection":[{"href":"https:\/\/nvnoticias.mx\/index.php\/wp-json\/wp\/v2\/posts"}],"about":[{"href":"https:\/\/nvnoticias.mx\/index.php\/wp-json\/wp\/v2\/types\/post"}],"author":[{"embeddable":true,"href":"https:\/\/nvnoticias.mx\/index.php\/wp-json\/wp\/v2\/users\/35"}],"replies":[{"embeddable":true,"href":"https:\/\/nvnoticias.mx\/index.php\/wp-json\/wp\/v2\/comments?post=54597"}],"version-history":[{"count":2,"href":"https:\/\/nvnoticias.mx\/index.php\/wp-json\/wp\/v2\/posts\/54597\/revisions"}],"predecessor-version":[{"id":54599,"href":"https:\/\/nvnoticias.mx\/index.php\/wp-json\/wp\/v2\/posts\/54597\/revisions\/54599"}],"wp:featuredmedia":[{"embeddable":true,"href":"https:\/\/nvnoticias.mx\/index.php\/wp-json\/wp\/v2\/media\/36792"}],"wp:attachment":[{"href":"https:\/\/nvnoticias.mx\/index.php\/wp-json\/wp\/v2\/media?parent=54597"}],"wp:term":[{"taxonomy":"category","embeddable":true,"href":"https:\/\/nvnoticias.mx\/index.php\/wp-json\/wp\/v2\/categories?post=54597"},{"taxonomy":"post_tag","embeddable":true,"href":"https:\/\/nvnoticias.mx\/index.php\/wp-json\/wp\/v2\/tags?post=54597"}],"curies":[{"name":"wp","href":"https:\/\/api.w.org\/{rel}","templated":true}]}}