{"id":5452,"date":"2021-02-22T20:49:00","date_gmt":"2021-02-23T02:49:00","guid":{"rendered":"https:\/\/nvnoticias.mx\/?p=5452"},"modified":"2021-02-23T00:14:33","modified_gmt":"2021-02-23T06:14:33","slug":"inaugura-alcalde-fernando-yunes-marquez-avenida-adolfo-sugasti-con-inversion-de-mas-de-38-mdp","status":"publish","type":"post","link":"https:\/\/nvnoticias.mx\/index.php\/2021\/02\/22\/inaugura-alcalde-fernando-yunes-marquez-avenida-adolfo-sugasti-con-inversion-de-mas-de-38-mdp\/","title":{"rendered":"Inaugura Alcalde Fernando Yunes M\u00e1rquez  avenida Adolfo Sugasti, con inversi\u00f3n de m\u00e1s de 38 mdp"},"content":{"rendered":"\n<p>Con una inversi\u00f3n aplicada de 38.10 millones de pesos, se realiz\u00f3 la obra de pavimentaci\u00f3n con concreto hidr\u00e1ulico de la avenida Adolfo Sugasti, anunci\u00f3 este lunes el Presidente Municipal de Veracruz, Fernando Yunes M\u00e1rquez.<\/p>\n\n\n\n<blockquote class=\"wp-block-quote is-layout-flow wp-block-quote-is-layout-flow\"><p>&#8220;Una avenida muy importante que genera una gran conectividad para muchas colonias de esta ciudad&#8221;, se\u00f1al\u00f3 el alcalde, cuya obra se hab\u00eda planeado desde los primeros a\u00f1os de la administraci\u00f3n y que ahora beneficia de manera directa a m\u00e1s 14 mil habitantes.<\/p><\/blockquote>\n\n\n\n<p>Indic\u00f3 que con certeza y planeaci\u00f3n se&nbsp; busca que Veracruz sea la mejor ciudad, por lo cual se ejecutan obras que podr\u00edan ser continuadas o que dejar\u00e1n de ser una preocupaci\u00f3n para la siguiente administraci\u00f3n municipal, a fin de que se vayan solventando todos los problemas de obra p\u00fablica que dej\u00f3 m\u00e1s de una d\u00e9cada de atraso, lo cual requiere una inversi\u00f3n superior a&nbsp; los 5 mil millones de pesos, algo&nbsp; imposible de ejercer durante un periodo de gobierno municipal.<\/p>\n\n\n\n<blockquote class=\"wp-block-quote is-layout-flow wp-block-quote-is-layout-flow\"><p>&#8220;La diferencia hoy a casi 4 a\u00f1os de cuando llegamos, es inmensa; hace cuatro a\u00f1os estas obras no exist\u00edan o no se ve\u00edan, igualmente los temas de los servicios p\u00fablicos, los programas sociales (&#8230;) Es importante valorar eso para poder darle continuidad&#8221;.<\/p><\/blockquote>\n\n\n\n<p>Esta obra de pavimentaci\u00f3n alcanza un total de 18 mil 624.20 metros cuadrados que har\u00e1n que la movilidad de la zona sea m\u00e1s r\u00e1pida con traslados c\u00f3modos y seguros tanto como para las personas como para sus bienes. Se desarrolla en una longitud total de&nbsp; mil 900 metros con un ancho promedio de 8 metros, que se componen de mil 730 metros lineales de pavimento de concreto hidr\u00e1ulico y un \u00e1rea de 17 mil 229.80 metros cuadrados (concreto hidr\u00e1ulico) m\u00e1s 170 metros de carpeta asf\u00e1ltica.&nbsp;<\/p>\n\n\n\n<p>Los trabajos comprenden las calles Hermenegildo Galeana, de avenida Adolfo Ruiz Cortines a \u00c1vila Camacho; Adolfo Sugasti, de Hermenegildo Galeana a calle Jim\u00e9nez Sur; Poniente 1, de calle Adolfo Sugasti a Calle Sur 4; Oriente 2, de calle Adolfo Sugasti a calle Sur 4; Beethoven, de Manuel de Falla a Federico Chopin; Vendrell; desde Manuel de Falla a Manuel M. Ponce; Gustavo D\u00edaz Ordaz, de Adolfo Sugasti a Venustiano Carranza; Jim\u00e9nez Sur, de calle Jobo a Mangos Tristes; y las calles Jobo y Mangos Tristes, ambas entre Jim\u00e9nez a la avenida Miguel Alem\u00e1n.<\/p>\n\n\n\n<p>Se beneficia a las colonias Mar\u00eda Esther Zuno, Adolfo Ruiz Cortines, Adolfo L\u00f3pez Mateos, SETSE y C\u00e1ndido Aguilar.&nbsp; El mun\u00edcipe hizo la aclaraci\u00f3n que en las Calles Jim\u00e9nez Sur, Jobo y Mangos Tristes no fue posible colocar el pavimento hidr\u00e1ulico como estaba contemplado en el proyecto inicial por tratarse de v\u00edas que se ubican en la franja del derecho de v\u00eda de PEMEX, por lo que se opt\u00f3 por realizar una pavimentaci\u00f3n con carpeta asf\u00e1ltica, que a la par permiti\u00f3 al Ayuntamiento ampliar metas en la pavimentaci\u00f3n con concreto hidr\u00e1ulico en las calles de Poniente 1, Oriente 2, Beethoven, Vendrell y Gustavo D\u00edaz Ordaz, cada una de ellas en su tramo contiguo a Sugasti.<\/p>\n","protected":false},"excerpt":{"rendered":"<p>Con una inversi\u00f3n aplicada de 38.10 millones de pesos, se realiz\u00f3 la obra de pavimentaci\u00f3n con concreto hidr\u00e1ulico de la avenida Adolfo Sugasti, anunci\u00f3 este lunes el Presidente Municipal de Veracruz, Fernando Yunes M\u00e1rquez. &#8220;Una avenida muy importante que genera una gran conectividad para muchas colonias de esta ciudad&#8221;, se\u00f1al\u00f3 el alcalde, cuya obra se [&hellip;]<\/p>\n","protected":false},"author":7,"featured_media":5453,"comment_status":"open","ping_status":"open","sticky":false,"template":"","format":"standard","meta":{"_monsterinsights_skip_tracking":false,"_monsterinsights_sitenote_active":false,"_monsterinsights_sitenote_note":"","_monsterinsights_sitenote_category":0,"footnotes":""},"categories":[154],"tags":[1646,1185,1645,162,180],"class_list":["post-5452","post","type-post","status-publish","format-standard","has-post-thumbnail","hentry","category-veracruz","tag-adolfo-sugasti","tag-fernando-yunes-marquez","tag-pavimentacion","tag-portada","tag-veracruz","wp-image-borders"],"amp_enabled":true,"_links":{"self":[{"href":"https:\/\/nvnoticias.mx\/index.php\/wp-json\/wp\/v2\/posts\/5452","targetHints":{"allow":["GET"]}}],"collection":[{"href":"https:\/\/nvnoticias.mx\/index.php\/wp-json\/wp\/v2\/posts"}],"about":[{"href":"https:\/\/nvnoticias.mx\/index.php\/wp-json\/wp\/v2\/types\/post"}],"author":[{"embeddable":true,"href":"https:\/\/nvnoticias.mx\/index.php\/wp-json\/wp\/v2\/users\/7"}],"replies":[{"embeddable":true,"href":"https:\/\/nvnoticias.mx\/index.php\/wp-json\/wp\/v2\/comments?post=5452"}],"version-history":[{"count":1,"href":"https:\/\/nvnoticias.mx\/index.php\/wp-json\/wp\/v2\/posts\/5452\/revisions"}],"predecessor-version":[{"id":5454,"href":"https:\/\/nvnoticias.mx\/index.php\/wp-json\/wp\/v2\/posts\/5452\/revisions\/5454"}],"wp:featuredmedia":[{"embeddable":true,"href":"https:\/\/nvnoticias.mx\/index.php\/wp-json\/wp\/v2\/media\/5453"}],"wp:attachment":[{"href":"https:\/\/nvnoticias.mx\/index.php\/wp-json\/wp\/v2\/media?parent=5452"}],"wp:term":[{"taxonomy":"category","embeddable":true,"href":"https:\/\/nvnoticias.mx\/index.php\/wp-json\/wp\/v2\/categories?post=5452"},{"taxonomy":"post_tag","embeddable":true,"href":"https:\/\/nvnoticias.mx\/index.php\/wp-json\/wp\/v2\/tags?post=5452"}],"curies":[{"name":"wp","href":"https:\/\/api.w.org\/{rel}","templated":true}]}}