{"id":54323,"date":"2022-05-11T21:46:00","date_gmt":"2022-05-12T02:46:00","guid":{"rendered":"https:\/\/nvnoticias.mx\/?p=54323"},"modified":"2022-05-11T22:41:47","modified_gmt":"2022-05-12T03:41:47","slug":"regresa-la-orquesta-municipal-de-xalapa-a-palacio-municipal","status":"publish","type":"post","link":"https:\/\/nvnoticias.mx\/index.php\/2022\/05\/11\/regresa-la-orquesta-municipal-de-xalapa-a-palacio-municipal\/","title":{"rendered":"Regresa la Orquesta Municipal de Xalapa a Palacio Municipal"},"content":{"rendered":"\n<p>Xalapa, Ver.- Con el concierto \u201cGrandes \u00e9xitos para mam\u00e1. Temas de Juan Gabriel y Pel\u00edculas\u201d, este mi\u00e9rcoles se retomaron las presentaciones de la Orquesta Municipal de Xalapa en el patio Central de Palacio Municipal.<\/p>\n\n\n\n<p>Acompa\u00f1ado de su esposa Rossana Scala de Ahued, el alcalde Ricardo Ahued Bardahuil destac\u00f3 que de esta forma el Ayuntamiento festeja el D\u00eda de la Madre y realiza un homenaje a los familiares que integran los colectivos de b\u00fasqueda de personas desaparecidas, ya que se trata de mam\u00e1s que sufren la ausencia de sus hijos y viven la desesperaci\u00f3n de no encontrarlos, por lo que tambi\u00e9n pidi\u00f3 al p\u00fablico asistente brindar un minuto de silencio.<\/p>\n\n\n\n<div class=\"wp-block-image\"><figure class=\"aligncenter size-large is-resized\"><img loading=\"lazy\" decoding=\"async\" src=\"https:\/\/nvnoticias.mx\/wp-content\/uploads\/2022\/05\/WhatsApp-Image-2022-05-11-at-9.23.12-PM-1-1024x684.jpeg\" alt=\"\" class=\"wp-image-54325\" width=\"576\" height=\"383\"\/><\/figure><\/div>\n\n\n\n<p>El Presidente Municipal agreg\u00f3 que con este tipo de conciertos se invita a la poblaci\u00f3n a reunirse en torno de esta importante agrupaci\u00f3n para disfrutar de su extraordinario talento, que hacen que el Ayuntamiento y el municipio se sientan orgullosos y reconozcan su labor.<\/p>\n\n\n\n<p>El programa musical que cont\u00f3 con arreglos y transcripciones del director de la Orquesta, Cristian Texon, incluy\u00f3: Fanfarria 20 th Century Fox, Golden Slumbers (Sing 1), Skyfall (007 Operaci\u00f3n Skyfall), Shalow (Nace una estrella), Recu\u00e9rdame (Coco), De cero a h\u00e9roe (H\u00e9rcules), Let it go (Frozen), No se habla de Bruno (Encanto), as\u00ed como D\u00e9jame vivir, Abr\u00e1zame muy fuerte, As\u00ed fue, Hasta que te conoc\u00ed, Querida y el Noa-Noa.<\/p>\n\n\n\n<p>Asistieron la s\u00edndica \u00fanica Cecilia Coronel Brizio, la regidora Martha Valentina Dom\u00ednguez V\u00e1squez, los regidores Antonio Ballesteros Grayeb, Carlos Rugerio Mart\u00ednez y Alfonso Marcos Garc\u00eda Castillo, adem\u00e1s de la directora de Cultura, Karla Rocher Montano y funcionariado municipal.<\/p>\n\n\n\n<div class=\"wp-block-image\"><figure class=\"aligncenter size-large is-resized\"><img loading=\"lazy\" decoding=\"async\" src=\"https:\/\/nvnoticias.mx\/wp-content\/uploads\/2022\/05\/WhatsApp-Image-2022-05-11-at-9.23.12-PM-2-1024x682.jpeg\" alt=\"\" class=\"wp-image-54326\" width=\"576\" height=\"383\" srcset=\"https:\/\/nvnoticias.mx\/wp-content\/uploads\/2022\/05\/WhatsApp-Image-2022-05-11-at-9.23.12-PM-2-1024x682.jpeg 1024w, https:\/\/nvnoticias.mx\/wp-content\/uploads\/2022\/05\/WhatsApp-Image-2022-05-11-at-9.23.12-PM-2-300x200.jpeg 300w, https:\/\/nvnoticias.mx\/wp-content\/uploads\/2022\/05\/WhatsApp-Image-2022-05-11-at-9.23.12-PM-2-768x512.jpeg 768w, https:\/\/nvnoticias.mx\/wp-content\/uploads\/2022\/05\/WhatsApp-Image-2022-05-11-at-9.23.12-PM-2.jpeg 1280w\" sizes=\"auto, (max-width: 576px) 100vw, 576px\" \/><\/figure><\/div>\n\n\n\n<p><\/p>\n","protected":false},"excerpt":{"rendered":"<p>Xalapa, Ver.- Con el concierto \u201cGrandes \u00e9xitos para mam\u00e1. Temas de Juan Gabriel y Pel\u00edculas\u201d, este mi\u00e9rcoles se retomaron las presentaciones de la Orquesta Municipal de Xalapa en el patio Central de Palacio Municipal. Acompa\u00f1ado de su esposa Rossana Scala de Ahued, el alcalde Ricardo Ahued Bardahuil destac\u00f3 que de esta forma el Ayuntamiento festeja [&hellip;]<\/p>\n","protected":false},"author":7,"featured_media":54324,"comment_status":"open","ping_status":"open","sticky":false,"template":"","format":"standard","meta":{"_monsterinsights_skip_tracking":false,"_monsterinsights_sitenote_active":false,"_monsterinsights_sitenote_note":"","_monsterinsights_sitenote_category":0,"footnotes":""},"categories":[156],"tags":[14564,4148,312],"class_list":["post-54323","post","type-post","status-publish","format-standard","has-post-thumbnail","hentry","category-estado","tag-orquesta-municipal-de-xalapa","tag-palacio-municipal","tag-xalapa","wp-image-borders"],"amp_enabled":true,"_links":{"self":[{"href":"https:\/\/nvnoticias.mx\/index.php\/wp-json\/wp\/v2\/posts\/54323","targetHints":{"allow":["GET"]}}],"collection":[{"href":"https:\/\/nvnoticias.mx\/index.php\/wp-json\/wp\/v2\/posts"}],"about":[{"href":"https:\/\/nvnoticias.mx\/index.php\/wp-json\/wp\/v2\/types\/post"}],"author":[{"embeddable":true,"href":"https:\/\/nvnoticias.mx\/index.php\/wp-json\/wp\/v2\/users\/7"}],"replies":[{"embeddable":true,"href":"https:\/\/nvnoticias.mx\/index.php\/wp-json\/wp\/v2\/comments?post=54323"}],"version-history":[{"count":2,"href":"https:\/\/nvnoticias.mx\/index.php\/wp-json\/wp\/v2\/posts\/54323\/revisions"}],"predecessor-version":[{"id":54328,"href":"https:\/\/nvnoticias.mx\/index.php\/wp-json\/wp\/v2\/posts\/54323\/revisions\/54328"}],"wp:featuredmedia":[{"embeddable":true,"href":"https:\/\/nvnoticias.mx\/index.php\/wp-json\/wp\/v2\/media\/54324"}],"wp:attachment":[{"href":"https:\/\/nvnoticias.mx\/index.php\/wp-json\/wp\/v2\/media?parent=54323"}],"wp:term":[{"taxonomy":"category","embeddable":true,"href":"https:\/\/nvnoticias.mx\/index.php\/wp-json\/wp\/v2\/categories?post=54323"},{"taxonomy":"post_tag","embeddable":true,"href":"https:\/\/nvnoticias.mx\/index.php\/wp-json\/wp\/v2\/tags?post=54323"}],"curies":[{"name":"wp","href":"https:\/\/api.w.org\/{rel}","templated":true}]}}