{"id":54196,"date":"2022-05-11T10:31:17","date_gmt":"2022-05-11T15:31:17","guid":{"rendered":"https:\/\/nvnoticias.mx\/?p=54196"},"modified":"2022-05-11T10:31:18","modified_gmt":"2022-05-11T15:31:18","slug":"sheinbaum-esta-sometida-a-fuertes-presiones-pero-le-tengo-confianza-amlo","status":"publish","type":"post","link":"https:\/\/nvnoticias.mx\/index.php\/2022\/05\/11\/sheinbaum-esta-sometida-a-fuertes-presiones-pero-le-tengo-confianza-amlo\/","title":{"rendered":"Sheinbaum est\u00e1 sometida a fuertes presiones pero le tengo confianza: AMLO"},"content":{"rendered":"\n<p>El presidente Andr\u00e9s Manuel L\u00f3pez Obrador consider\u00f3 que la jefa de Gobierno, Claudia Sheinbaum, est\u00e1 sometida a fuertes presiones por la temporada y ante sus aspiraciones presidenciales, pero refrend\u00f3 su confianza en su actuaci\u00f3n debido a que es una mujer honesta.<\/p>\n\n\n\n<p>En conferencia de prensa, el mandatario federal estim\u00f3 que las descalificaciones contra su trabajo continuar\u00e1n y ser\u00e1n m\u00e1s intensas pues es natural por la sucesi\u00f3n presidencial.<\/p>\n\n\n\n<blockquote class=\"wp-block-quote is-layout-flow wp-block-quote-is-layout-flow\"><p>\u201cLa jefa de Gobierno tiene todo nuestro apoyo, es una mujer \u00edntegra, honesta y que tambi\u00e9n est\u00e1 siendo sometida a fuertes presiones pero es la temporada, es lo que tendr\u00e1 que venir y pues es natural que esto suceda. No debe de haber tapados, ni mujeres ni hombres, claro que sigan haciendo su trabajo, sirvi\u00e9ndole al pueblo, eso es lo m\u00e1s importante\u201d, expuso el jefe del Ejecutivo desde Palacio Nacional.<\/p><\/blockquote>\n\n\n\n<p>Fuente: <a href=\"https:\/\/www.forbes.com.mx\/sheinbaum-esta-sometida-a-fuertes-presiones-pero-le-tengo-confianza-amlo\/\" data-type=\"URL\" data-id=\"https:\/\/www.forbes.com.mx\/sheinbaum-esta-sometida-a-fuertes-presiones-pero-le-tengo-confianza-amlo\/\">Forbes<\/a><\/p>\n","protected":false},"excerpt":{"rendered":"<p>El presidente Andr\u00e9s Manuel L\u00f3pez Obrador consider\u00f3 que la jefa de Gobierno, Claudia Sheinbaum, est\u00e1 sometida a fuertes presiones por la temporada y ante sus aspiraciones presidenciales, pero refrend\u00f3 su confianza en su actuaci\u00f3n debido a que es una mujer honesta. En conferencia de prensa, el mandatario federal estim\u00f3 que las descalificaciones contra su trabajo [&hellip;]<\/p>\n","protected":false},"author":35,"featured_media":46474,"comment_status":"open","ping_status":"open","sticky":false,"template":"","format":"standard","meta":{"_monsterinsights_skip_tracking":false,"_monsterinsights_sitenote_active":false,"_monsterinsights_sitenote_note":"","_monsterinsights_sitenote_category":0,"footnotes":""},"categories":[158],"tags":[188,2801,14636,14635,10820,14634],"class_list":["post-54196","post","type-post","status-publish","format-standard","has-post-thumbnail","hentry","category-politica","tag-amlo","tag-claudia-sheinbaum","tag-confianza","tag-fuertes","tag-presiones","tag-sometida","wp-image-borders"],"amp_enabled":true,"_links":{"self":[{"href":"https:\/\/nvnoticias.mx\/index.php\/wp-json\/wp\/v2\/posts\/54196","targetHints":{"allow":["GET"]}}],"collection":[{"href":"https:\/\/nvnoticias.mx\/index.php\/wp-json\/wp\/v2\/posts"}],"about":[{"href":"https:\/\/nvnoticias.mx\/index.php\/wp-json\/wp\/v2\/types\/post"}],"author":[{"embeddable":true,"href":"https:\/\/nvnoticias.mx\/index.php\/wp-json\/wp\/v2\/users\/35"}],"replies":[{"embeddable":true,"href":"https:\/\/nvnoticias.mx\/index.php\/wp-json\/wp\/v2\/comments?post=54196"}],"version-history":[{"count":3,"href":"https:\/\/nvnoticias.mx\/index.php\/wp-json\/wp\/v2\/posts\/54196\/revisions"}],"predecessor-version":[{"id":54199,"href":"https:\/\/nvnoticias.mx\/index.php\/wp-json\/wp\/v2\/posts\/54196\/revisions\/54199"}],"wp:featuredmedia":[{"embeddable":true,"href":"https:\/\/nvnoticias.mx\/index.php\/wp-json\/wp\/v2\/media\/46474"}],"wp:attachment":[{"href":"https:\/\/nvnoticias.mx\/index.php\/wp-json\/wp\/v2\/media?parent=54196"}],"wp:term":[{"taxonomy":"category","embeddable":true,"href":"https:\/\/nvnoticias.mx\/index.php\/wp-json\/wp\/v2\/categories?post=54196"},{"taxonomy":"post_tag","embeddable":true,"href":"https:\/\/nvnoticias.mx\/index.php\/wp-json\/wp\/v2\/tags?post=54196"}],"curies":[{"name":"wp","href":"https:\/\/api.w.org\/{rel}","templated":true}]}}