{"id":54090,"date":"2022-05-10T14:05:36","date_gmt":"2022-05-10T19:05:36","guid":{"rendered":"https:\/\/nvnoticias.mx\/?p=54090"},"modified":"2022-05-10T14:05:38","modified_gmt":"2022-05-10T19:05:38","slug":"gobernador-afirma-que-hay-4-lineas-de-investigacion-en-asesinato-de-periodistas-en-cosoleacaque","status":"publish","type":"post","link":"https:\/\/nvnoticias.mx\/index.php\/2022\/05\/10\/gobernador-afirma-que-hay-4-lineas-de-investigacion-en-asesinato-de-periodistas-en-cosoleacaque\/","title":{"rendered":"Gobernador afirma que hay 4 l\u00edneas de investigaci\u00f3n en asesinato de periodistas en Cosoleacaque"},"content":{"rendered":"\n<p><strong>Sam Ojeda\u00a0\/ NV Noticias<\/strong><\/p>\n\n\n\n<p>Xalapa.-\u00a0El gobernador Cuitl\u00e1huac Garc\u00eda Jim\u00e9nez, inform\u00f3 que hay cuatro l\u00edneas de investigaci\u00f3n por el asesinato de la directora del peri\u00f3dico El Veraz, Yessenia Mollinedo Falconi, y la camar\u00f3grafa Sheila Johana Garc\u00eda Olvera.<\/p>\n\n\n\n<p>Tras el crimen ocurrido en Cosoleacaque, el mandatario dijo que se investiga\u00a0el homicidio y su labor period\u00edstica, y\u00a0dos l\u00edneas m\u00e1s est\u00e1n relacionadas con indicios hallados en el lugar de los homicidios.<\/p>\n\n\n\n<blockquote class=\"wp-block-quote is-layout-flow wp-block-quote-is-layout-flow\"><p>\u201c<em>Se decidi\u00f3 trabajar en cuatro l\u00edneas de investigaci\u00f3n, dos de ellas sugeridas por los primeros indicios en el lugar de los hechos, los recogidos por la FGE y una que tiene que ver desde luego con la actividad que desarrollaban en el medio electr\u00f3nico<\/em>\u201d, escribi\u00f3 en sus redes sociales.\u00a0<\/p><\/blockquote>\n\n\n\n<p>Garc\u00eda Jim\u00e9nez dijo que en la investigaci\u00f3n se tomar\u00e1n en cuenta un audio en el que presuntamente se escucha a Yessenia discutir con un hombre, que es presuntamente un integrante de una de las agrupaciones que operan en el estado.<\/p>\n\n\n\n<blockquote class=\"wp-block-quote is-layout-flow wp-block-quote-is-layout-flow\"><p>\u201c<em>Se han tomado desde luego en cuenta los audios que presuntamente la misma v\u00edctima dirig\u00eda a otras personas de la zona y que ya circulan p\u00fablicamente, as\u00ed como todo indicio que lleve a esclarecer el hecho y dar con los responsables<\/em>\u201d, escribi\u00f3 el gobernador.<\/p><\/blockquote>\n\n\n\n<p>\u00a0Ambas mujeres fueron asesinadas a balazos mientras se encontraban al interior del veh\u00edculo de Yessenia, en la calle Benito Ju\u00e1rez frente al estacionamiento de una tienda de conveniencia. Ambas se hab\u00edan bajado a comprar un refresco.\u00a0<\/p>\n","protected":false},"excerpt":{"rendered":"<p>Sam Ojeda\u00a0\/ NV Noticias Xalapa.-\u00a0El gobernador Cuitl\u00e1huac Garc\u00eda Jim\u00e9nez, inform\u00f3 que hay cuatro l\u00edneas de investigaci\u00f3n por el asesinato de la directora del peri\u00f3dico El Veraz, Yessenia Mollinedo Falconi, y la camar\u00f3grafa Sheila Johana Garc\u00eda Olvera. Tras el crimen ocurrido en Cosoleacaque, el mandatario dijo que se investiga\u00a0el homicidio y su labor period\u00edstica, y\u00a0dos l\u00edneas [&hellip;]<\/p>\n","protected":false},"author":8,"featured_media":54094,"comment_status":"open","ping_status":"open","sticky":false,"template":"","format":"standard","meta":{"_monsterinsights_skip_tracking":false,"_monsterinsights_sitenote_active":false,"_monsterinsights_sitenote_note":"","_monsterinsights_sitenote_category":0,"footnotes":""},"categories":[156],"tags":[1431,1311,965,271,852,457],"class_list":["post-54090","post","type-post","status-publish","format-standard","has-post-thumbnail","hentry","category-estado","tag-asesinato","tag-cosoleacaque","tag-cuitlahuac-garcia-jimenez","tag-gobernador","tag-investigacion","tag-periodistas","wp-image-borders"],"amp_enabled":true,"_links":{"self":[{"href":"https:\/\/nvnoticias.mx\/index.php\/wp-json\/wp\/v2\/posts\/54090","targetHints":{"allow":["GET"]}}],"collection":[{"href":"https:\/\/nvnoticias.mx\/index.php\/wp-json\/wp\/v2\/posts"}],"about":[{"href":"https:\/\/nvnoticias.mx\/index.php\/wp-json\/wp\/v2\/types\/post"}],"author":[{"embeddable":true,"href":"https:\/\/nvnoticias.mx\/index.php\/wp-json\/wp\/v2\/users\/8"}],"replies":[{"embeddable":true,"href":"https:\/\/nvnoticias.mx\/index.php\/wp-json\/wp\/v2\/comments?post=54090"}],"version-history":[{"count":1,"href":"https:\/\/nvnoticias.mx\/index.php\/wp-json\/wp\/v2\/posts\/54090\/revisions"}],"predecessor-version":[{"id":54095,"href":"https:\/\/nvnoticias.mx\/index.php\/wp-json\/wp\/v2\/posts\/54090\/revisions\/54095"}],"wp:featuredmedia":[{"embeddable":true,"href":"https:\/\/nvnoticias.mx\/index.php\/wp-json\/wp\/v2\/media\/54094"}],"wp:attachment":[{"href":"https:\/\/nvnoticias.mx\/index.php\/wp-json\/wp\/v2\/media?parent=54090"}],"wp:term":[{"taxonomy":"category","embeddable":true,"href":"https:\/\/nvnoticias.mx\/index.php\/wp-json\/wp\/v2\/categories?post=54090"},{"taxonomy":"post_tag","embeddable":true,"href":"https:\/\/nvnoticias.mx\/index.php\/wp-json\/wp\/v2\/tags?post=54090"}],"curies":[{"name":"wp","href":"https:\/\/api.w.org\/{rel}","templated":true}]}}