{"id":54053,"date":"2022-05-10T12:40:00","date_gmt":"2022-05-10T17:40:00","guid":{"rendered":"https:\/\/nvnoticias.mx\/?p=54053"},"modified":"2022-05-10T12:40:01","modified_gmt":"2022-05-10T17:40:01","slug":"tras-regreso-a-las-aulas-estudiantes-enfrentan-crisis-de-ansiedad-sipinna","status":"publish","type":"post","link":"https:\/\/nvnoticias.mx\/index.php\/2022\/05\/10\/tras-regreso-a-las-aulas-estudiantes-enfrentan-crisis-de-ansiedad-sipinna\/","title":{"rendered":"Tras regreso a las aulas, estudiantes enfrentan crisis de ansiedad: SIPINNA"},"content":{"rendered":"\n<p><strong>Sam Ojeda\u00a0\/ NV Noticias<\/strong><\/p>\n\n\n\n<p>Xalapa.- En este regreso a clases presenciales tras la suspensi\u00f3n por la pandemia de covid-19, hay escuelas que reportan casos de ansiedad por parte de sus estudiantes.<\/p>\n\n\n\n<p>Esto fue se\u00f1alado por la secretaria ejecutiva del Sistema de Protecci\u00f3n Integral de los Derechos de las Ni\u00f1as, Ni\u00f1os y Adolescentes (SIPINNA), Mar\u00eda del Pilar Paz Villafuerte.<br>Admiti\u00f3 que han recibido reportes de escuelas de j\u00f3venes que han presentado crisis de ansiedad, debido al confinamiento que se tuvo por la pandemia.<\/p>\n\n\n\n<p>A pesar de ello, dijo que poco a poco el regreso a la normalidad y a las aulas, ha ayudado a que esta situaci\u00f3n mejore.<\/p>\n\n\n\n<p>Y es que dijo que el encierro por la pandemia deriv\u00f3 en estr\u00e9s y este a su vez en un incremento de violencia.<\/p>\n\n\n\n<blockquote class=\"wp-block-quote is-layout-flow wp-block-quote-is-layout-flow\"><p>\u201c<em>Desafortunadamente s\u00ed aument\u00f3 un poco la violencia derivado del confinamiento y encierro que genera estr\u00e9s; nos han reportado que en algunos bachilleratos ha habido hasta ansiedad de parte de los adolescentes, pero ya est\u00e1n regresando a la normalidad<\/em>\u201d.<\/p><\/blockquote>\n\n\n\n<p>Dijo que como parte del trabajo que est\u00e1n realizando brindar\u00e1n capacitaciones a los Sipinna municipales para atender casos de violencia contra menores de edad.<\/p>\n","protected":false},"excerpt":{"rendered":"<p>Sam Ojeda\u00a0\/ NV Noticias Xalapa.- En este regreso a clases presenciales tras la suspensi\u00f3n por la pandemia de covid-19, hay escuelas que reportan casos de ansiedad por parte de sus estudiantes. Esto fue se\u00f1alado por la secretaria ejecutiva del Sistema de Protecci\u00f3n Integral de los Derechos de las Ni\u00f1as, Ni\u00f1os y Adolescentes (SIPINNA), Mar\u00eda del [&hellip;]<\/p>\n","protected":false},"author":8,"featured_media":18652,"comment_status":"open","ping_status":"open","sticky":false,"template":"","format":"standard","meta":{"_monsterinsights_skip_tracking":false,"_monsterinsights_sitenote_active":false,"_monsterinsights_sitenote_note":"","_monsterinsights_sitenote_category":0,"footnotes":""},"categories":[156],"tags":[1537,277,1676,14472],"class_list":["post-54053","post","type-post","status-publish","format-standard","has-post-thumbnail","hentry","category-estado","tag-ansiedad","tag-estudiantes","tag-regreso-a-clases","tag-sipinna","wp-image-borders"],"amp_enabled":true,"_links":{"self":[{"href":"https:\/\/nvnoticias.mx\/index.php\/wp-json\/wp\/v2\/posts\/54053","targetHints":{"allow":["GET"]}}],"collection":[{"href":"https:\/\/nvnoticias.mx\/index.php\/wp-json\/wp\/v2\/posts"}],"about":[{"href":"https:\/\/nvnoticias.mx\/index.php\/wp-json\/wp\/v2\/types\/post"}],"author":[{"embeddable":true,"href":"https:\/\/nvnoticias.mx\/index.php\/wp-json\/wp\/v2\/users\/8"}],"replies":[{"embeddable":true,"href":"https:\/\/nvnoticias.mx\/index.php\/wp-json\/wp\/v2\/comments?post=54053"}],"version-history":[{"count":1,"href":"https:\/\/nvnoticias.mx\/index.php\/wp-json\/wp\/v2\/posts\/54053\/revisions"}],"predecessor-version":[{"id":54054,"href":"https:\/\/nvnoticias.mx\/index.php\/wp-json\/wp\/v2\/posts\/54053\/revisions\/54054"}],"wp:featuredmedia":[{"embeddable":true,"href":"https:\/\/nvnoticias.mx\/index.php\/wp-json\/wp\/v2\/media\/18652"}],"wp:attachment":[{"href":"https:\/\/nvnoticias.mx\/index.php\/wp-json\/wp\/v2\/media?parent=54053"}],"wp:term":[{"taxonomy":"category","embeddable":true,"href":"https:\/\/nvnoticias.mx\/index.php\/wp-json\/wp\/v2\/categories?post=54053"},{"taxonomy":"post_tag","embeddable":true,"href":"https:\/\/nvnoticias.mx\/index.php\/wp-json\/wp\/v2\/tags?post=54053"}],"curies":[{"name":"wp","href":"https:\/\/api.w.org\/{rel}","templated":true}]}}