{"id":5399,"date":"2021-02-22T12:29:21","date_gmt":"2021-02-22T18:29:21","guid":{"rendered":"https:\/\/nvnoticias.mx\/?p=5399"},"modified":"2021-02-22T12:30:42","modified_gmt":"2021-02-22T18:30:42","slug":"tope-maximo-de-pension-afectara-a-cotizantes-del-issste","status":"publish","type":"post","link":"https:\/\/nvnoticias.mx\/index.php\/2021\/02\/22\/tope-maximo-de-pension-afectara-a-cotizantes-del-issste\/","title":{"rendered":"Tope m\u00e1ximo de pensi\u00f3n afectar\u00e1 a 120 mil cotizantes del ISSSTE Veracruz"},"content":{"rendered":"\n<p class=\"wp-block-paragraph\"><strong>Sam Ojeda \/ NV Noticias<\/strong><\/p>\n\n\n\n<p class=\"wp-block-paragraph\">Xalapa.- La determinaci\u00f3n de la Suprema Corte de Justicia de la Naci\u00f3n (SCJN) de establecer como tope m\u00e1ximo de la pensi\u00f3n jubilatoria la cuantificaci\u00f3n con base en la Unidad de Medida y Actualizaci\u00f3n (UMA) afectar\u00e1 a por lo menos 120 mil trabajadores de la educaci\u00f3n en Veracruz.<\/p>\n\n\n\n<p class=\"wp-block-paragraph\">El coordinador del Movimiento Democr\u00e1tico Magisterial del estado de Veracruz, Galdino Diego P\u00e9rez, dijo que la decisi\u00f3n es para quienes cotizan al Instituto de Seguridad y Servicios Sociales de los Trabajadores del Estado (ISSSTE).<\/p>\n\n\n\n<blockquote class=\"wp-block-quote is-layout-flow wp-block-quote-is-layout-flow\"><p>\u201cEso significa que no habr\u00e1 plazas para nuevos ingresos; es una medida que afecta tan solo en Veracruz a m\u00e1s de 120 mil maestros, adem\u00e1s de quienes cotizan y son trabajadores de Salud y Comisi\u00f3n Federal de Electricidad que cotizan en el ISSSTE\u201d.\u00a0<\/p><\/blockquote>\n\n\n\n<p class=\"wp-block-paragraph\">Critic\u00f3 que los ministros de la Corte hayan resuelto en ese sentido porque les reduce hasta en un 40 por ciento las pensiones, dado que la UMA es de 89.5 pesos, mientras que el salario m\u00ednimo es de 141 pesos.&nbsp;<\/p>\n\n\n\n<blockquote class=\"wp-block-quote is-layout-flow wp-block-quote-is-layout-flow\"><p>\u201cLa diferencia es muy importante, y hay personas que solo se jubilan con cinco salarios, si son UMAS imag\u00ednense con cu\u00e1nto se jubilar\u00e1n, nos impacta gravemente a las familias y m\u00e1s cuando ya no podemos trabajar en ninguna otra actividad.<\/p><\/blockquote>\n\n\n\n<p class=\"wp-block-paragraph\">Dijo que buscar\u00e1n reunir 150 mil firmas para poder presentar una iniciativa de ley para reformar la Ley del ISSSTE a fin de proteger las pensiones de los trabajadores, dado que los sindicatos no han iniciado una batalla legal para lograrlo.&nbsp;<\/p>\n\n\n\n<blockquote class=\"wp-block-quote is-layout-flow wp-block-quote-is-layout-flow\"><p>\u201cNuestro sindicato el SNTE lo \u00fanico que dijo es que presentar\u00e1 una queja ante la Corte Interamericana de Derechos Humanos, nosotros creemos que s\u00ed es v\u00e1lido pero no es suficiente, tenemos que demandar justicia laboral\u201d<\/p><\/blockquote>\n\n\n\n<p class=\"wp-block-paragraph\">En Veracruz se instalar\u00e1n al menos 30 m\u00f3dulos en diferentes ciudades para lograr las recolecci\u00f3n de las firmas de apoyo y esperan que en un mes puedan presentar el documento ante los legisladores federales.<\/p>\n","protected":false},"excerpt":{"rendered":"<p>Sam Ojeda \/ NV Noticias Xalapa.- La determinaci\u00f3n de la Suprema Corte de Justicia de la Naci\u00f3n (SCJN) de establecer como tope m\u00e1ximo de la pensi\u00f3n jubilatoria la cuantificaci\u00f3n con base en la Unidad de Medida y Actualizaci\u00f3n (UMA) afectar\u00e1 a por lo menos 120 mil trabajadores de la educaci\u00f3n en Veracruz. El coordinador del [&hellip;]<\/p>\n","protected":false},"author":6,"featured_media":5400,"comment_status":"open","ping_status":"open","sticky":false,"template":"","format":"standard","meta":{"_monsterinsights_skip_tracking":false,"footnotes":""},"categories":[156],"tags":[1624,1066,1503,162,180],"class_list":["post-5399","post","type-post","status-publish","format-standard","has-post-thumbnail","hentry","category-estado","tag-cotizantes","tag-issste","tag-pension","tag-portada","tag-veracruz","wp-image-borders"],"amp_enabled":true,"_links":{"self":[{"href":"https:\/\/nvnoticias.mx\/index.php\/wp-json\/wp\/v2\/posts\/5399","targetHints":{"allow":["GET"]}}],"collection":[{"href":"https:\/\/nvnoticias.mx\/index.php\/wp-json\/wp\/v2\/posts"}],"about":[{"href":"https:\/\/nvnoticias.mx\/index.php\/wp-json\/wp\/v2\/types\/post"}],"author":[{"embeddable":true,"href":"https:\/\/nvnoticias.mx\/index.php\/wp-json\/wp\/v2\/users\/6"}],"replies":[{"embeddable":true,"href":"https:\/\/nvnoticias.mx\/index.php\/wp-json\/wp\/v2\/comments?post=5399"}],"version-history":[{"count":1,"href":"https:\/\/nvnoticias.mx\/index.php\/wp-json\/wp\/v2\/posts\/5399\/revisions"}],"predecessor-version":[{"id":5401,"href":"https:\/\/nvnoticias.mx\/index.php\/wp-json\/wp\/v2\/posts\/5399\/revisions\/5401"}],"wp:featuredmedia":[{"embeddable":true,"href":"https:\/\/nvnoticias.mx\/index.php\/wp-json\/wp\/v2\/media\/5400"}],"wp:attachment":[{"href":"https:\/\/nvnoticias.mx\/index.php\/wp-json\/wp\/v2\/media?parent=5399"}],"wp:term":[{"taxonomy":"category","embeddable":true,"href":"https:\/\/nvnoticias.mx\/index.php\/wp-json\/wp\/v2\/categories?post=5399"},{"taxonomy":"post_tag","embeddable":true,"href":"https:\/\/nvnoticias.mx\/index.php\/wp-json\/wp\/v2\/tags?post=5399"}],"curies":[{"name":"wp","href":"https:\/\/api.w.org\/{rel}","templated":true}]}}