{"id":53891,"date":"2022-05-09T12:46:09","date_gmt":"2022-05-09T17:46:09","guid":{"rendered":"https:\/\/nvnoticias.mx\/?p=53891"},"modified":"2022-05-09T12:46:11","modified_gmt":"2022-05-09T17:46:11","slug":"sefiplan-advierte-que-30-de-junio-concluye-programa-para-canje-de-placas","status":"publish","type":"post","link":"https:\/\/nvnoticias.mx\/index.php\/2022\/05\/09\/sefiplan-advierte-que-30-de-junio-concluye-programa-para-canje-de-placas\/","title":{"rendered":"Sefiplan advierte que 30 de junio concluye programa para canje de placas"},"content":{"rendered":"\n<p><strong>Sam Ojeda\u00a0\/ NV Noticias<\/strong><\/p>\n\n\n\n<p>Xalapa.- El secretario de Finanzas y Planeaci\u00f3n, Jos\u00e9 Luis Lima Franco, record\u00f3 que el pr\u00f3ximo 30 de junio concluir\u00e1 el programa de actualizaci\u00f3n de placas vehiculares.<\/p>\n\n\n\n<p>Indic\u00f3 que a partir del 1 de enero de 2023 quienes no se hayan adherido a este, se har\u00e1n acreedores a multas y sanciones dado que las placas con antig\u00fcedad de 2016 o antes ya no ser\u00e1n v\u00e1lidas.\u00a0<\/p>\n\n\n\n<blockquote class=\"wp-block-quote is-layout-flow wp-block-quote-is-layout-flow\"><p>\u201c<em>El 1 de enero de 2023 si tienen placas antiguas tendr\u00e1n multas e incluso infracciones. Tiene hasta el 30 de junio para acceder a este programa<\/em>\u201d, dijo.\u00a0<\/p><\/blockquote>\n\n\n\n<p>Agreg\u00f3 que el avance en el programa es de 50 por ciento, pues se han regularizado cerca de 400 mil veh\u00edculos y estar\u00edan pendientes 350 mil contribuyentes morosos.<\/p>\n\n\n\n<p>Record\u00f3 que este programa tiene dos objetivos, primero cumplir con la Norma de la Secretar\u00eda de Comunicaciones y Transportes (SCT) 2-2016 que se\u00f1ala que no debe haber m\u00e1s de dos placas en circulaci\u00f3n y el segundo es por temas de seguridad.<\/p>\n\n\n\n<blockquote class=\"wp-block-quote is-layout-flow wp-block-quote-is-layout-flow\"><p>\u201c<em>Llamamos a la ciudadan\u00eda para que se regularicen y aprovechen estos beneficios fiscales, nos ayudar\u00e1 para actualizar padrones para evitar hechos delictivos. La intenci\u00f3n de este programa es un tema dude seguridad y estar al corriente con la norma de la SCT, si no ser\u00e1n acreedores a sanciones y multas a partir del 2023<\/em>\u201d.\u00a0<\/p><\/blockquote>\n\n\n\n<p>Lima Franco aclar\u00f3 que a partir del 1 de julio de 2022 ya no habr\u00e1 condonaciones y por lo tanto quienes acusan a realizar el canje deben pagar tr\u00e1mite, los derechos de baja, costo de ISAVAU, expedici\u00f3n de las nuevas placas, entre otros.\u00a0<\/p>\n","protected":false},"excerpt":{"rendered":"<p>Sam Ojeda\u00a0\/ NV Noticias Xalapa.- El secretario de Finanzas y Planeaci\u00f3n, Jos\u00e9 Luis Lima Franco, record\u00f3 que el pr\u00f3ximo 30 de junio concluir\u00e1 el programa de actualizaci\u00f3n de placas vehiculares. Indic\u00f3 que a partir del 1 de enero de 2023 quienes no se hayan adherido a este, se har\u00e1n acreedores a multas y sanciones dado [&hellip;]<\/p>\n","protected":false},"author":8,"featured_media":48463,"comment_status":"open","ping_status":"open","sticky":false,"template":"","format":"standard","meta":{"_monsterinsights_skip_tracking":false,"_monsterinsights_sitenote_active":false,"_monsterinsights_sitenote_note":"","_monsterinsights_sitenote_category":0,"footnotes":""},"categories":[156],"tags":[14555,5092,421],"class_list":["post-53891","post","type-post","status-publish","format-standard","has-post-thumbnail","hentry","category-estado","tag-canje-de-placas","tag-programa","tag-sefiplan","wp-image-borders"],"amp_enabled":true,"_links":{"self":[{"href":"https:\/\/nvnoticias.mx\/index.php\/wp-json\/wp\/v2\/posts\/53891","targetHints":{"allow":["GET"]}}],"collection":[{"href":"https:\/\/nvnoticias.mx\/index.php\/wp-json\/wp\/v2\/posts"}],"about":[{"href":"https:\/\/nvnoticias.mx\/index.php\/wp-json\/wp\/v2\/types\/post"}],"author":[{"embeddable":true,"href":"https:\/\/nvnoticias.mx\/index.php\/wp-json\/wp\/v2\/users\/8"}],"replies":[{"embeddable":true,"href":"https:\/\/nvnoticias.mx\/index.php\/wp-json\/wp\/v2\/comments?post=53891"}],"version-history":[{"count":1,"href":"https:\/\/nvnoticias.mx\/index.php\/wp-json\/wp\/v2\/posts\/53891\/revisions"}],"predecessor-version":[{"id":53895,"href":"https:\/\/nvnoticias.mx\/index.php\/wp-json\/wp\/v2\/posts\/53891\/revisions\/53895"}],"wp:featuredmedia":[{"embeddable":true,"href":"https:\/\/nvnoticias.mx\/index.php\/wp-json\/wp\/v2\/media\/48463"}],"wp:attachment":[{"href":"https:\/\/nvnoticias.mx\/index.php\/wp-json\/wp\/v2\/media?parent=53891"}],"wp:term":[{"taxonomy":"category","embeddable":true,"href":"https:\/\/nvnoticias.mx\/index.php\/wp-json\/wp\/v2\/categories?post=53891"},{"taxonomy":"post_tag","embeddable":true,"href":"https:\/\/nvnoticias.mx\/index.php\/wp-json\/wp\/v2\/tags?post=53891"}],"curies":[{"name":"wp","href":"https:\/\/api.w.org\/{rel}","templated":true}]}}