{"id":53679,"date":"2022-05-07T12:35:35","date_gmt":"2022-05-07T17:35:35","guid":{"rendered":"https:\/\/nvnoticias.mx\/?p=53679"},"modified":"2022-05-07T12:35:37","modified_gmt":"2022-05-07T17:35:37","slug":"emprendedoras-y-emprendedores-con-todo-el-respaldo-del-ayuntamiento","status":"publish","type":"post","link":"https:\/\/nvnoticias.mx\/index.php\/2022\/05\/07\/emprendedoras-y-emprendedores-con-todo-el-respaldo-del-ayuntamiento\/","title":{"rendered":"Emprendedoras y emprendedores, con todo el respaldo del Ayuntamiento"},"content":{"rendered":"\n<p>Xalapa, Ver.- La administraci\u00f3n municipal est\u00e1 consciente de la necesidad que existe de reactivar la econom\u00eda, por ello, nuestras puertas siempre estar\u00e1n abiertas para impulsar este tipo de actividades, asegur\u00f3 el presidente municipal Ricardo Ahued Bardahuil al inaugurar la expo venta \u201cAmor es Mam\u00e1\u201d.<\/p>\n\n\n\n<p>El Alcalde ofreci\u00f3 el patio central del Palacio Municipal para organizar m\u00e1s encuentros como \u00e9ste, donde las emprendedoras y emprendedores tengan mayor visibilidad y logren mejores ventas.<\/p>\n\n\n\n<p>Dijo que a trav\u00e9s de la Direcci\u00f3n de Desarrollo Econ\u00f3mico se puede acceder a distintos planes de capacitaci\u00f3n en materia de dise\u00f1o de marca y fiscales, con los cuales encuentren nuevos mercados.<\/p>\n\n\n\n<figure class=\"wp-block-image size-large\"><img loading=\"lazy\" decoding=\"async\" width=\"1024\" height=\"684\" src=\"https:\/\/nvnoticias.mx\/wp-content\/uploads\/2022\/05\/WhatsApp-Image-2022-05-07-at-12.17.45-PM-1024x684.jpeg\" alt=\"\" class=\"wp-image-53680\" srcset=\"https:\/\/nvnoticias.mx\/wp-content\/uploads\/2022\/05\/WhatsApp-Image-2022-05-07-at-12.17.45-PM-1024x684.jpeg 1024w, https:\/\/nvnoticias.mx\/wp-content\/uploads\/2022\/05\/WhatsApp-Image-2022-05-07-at-12.17.45-PM-300x200.jpeg 300w, https:\/\/nvnoticias.mx\/wp-content\/uploads\/2022\/05\/WhatsApp-Image-2022-05-07-at-12.17.45-PM-768x513.jpeg 768w, https:\/\/nvnoticias.mx\/wp-content\/uploads\/2022\/05\/WhatsApp-Image-2022-05-07-at-12.17.45-PM-1536x1025.jpeg 1536w, https:\/\/nvnoticias.mx\/wp-content\/uploads\/2022\/05\/WhatsApp-Image-2022-05-07-at-12.17.45-PM.jpeg 1600w\" sizes=\"auto, (max-width: 1024px) 100vw, 1024px\" \/><\/figure>\n\n\n\n<p>Ademas, dio a conocer que en breve iniciar\u00e1 la obra de rehabilitaci\u00f3n de la calle Francisco Javier Clavijero, donde se atender\u00e1 el tramo comprendido entre la calle Benito Ju\u00e1rez y la avenida Manuel \u00c1vila Camacho para repavimentar, mejorar banquetas, infraestructura hidr\u00e1ulica e iluminaci\u00f3n.<\/p>\n\n\n\n<p>Las expositoras Jasibi G\u00f3mez y Beatriz Moreno Sierra agradecieron la presencia del Alcalde como un empresario a quien consideran un modelo a seguir, ya que como emprendedoras hacen un esfuerzo enorme para ofrecer piezas de artesan\u00eda elaboradas desde el coraz\u00f3n.<\/p>\n\n\n\n<figure class=\"wp-block-image size-large\"><img loading=\"lazy\" decoding=\"async\" width=\"1024\" height=\"684\" src=\"https:\/\/nvnoticias.mx\/wp-content\/uploads\/2022\/05\/WhatsApp-Image-2022-05-07-at-12.17.45-PM-1-1024x684.jpeg\" alt=\"\" class=\"wp-image-53681\" srcset=\"https:\/\/nvnoticias.mx\/wp-content\/uploads\/2022\/05\/WhatsApp-Image-2022-05-07-at-12.17.45-PM-1-1024x684.jpeg 1024w, https:\/\/nvnoticias.mx\/wp-content\/uploads\/2022\/05\/WhatsApp-Image-2022-05-07-at-12.17.45-PM-1-300x200.jpeg 300w, https:\/\/nvnoticias.mx\/wp-content\/uploads\/2022\/05\/WhatsApp-Image-2022-05-07-at-12.17.45-PM-1-768x513.jpeg 768w, https:\/\/nvnoticias.mx\/wp-content\/uploads\/2022\/05\/WhatsApp-Image-2022-05-07-at-12.17.45-PM-1-1536x1025.jpeg 1536w, https:\/\/nvnoticias.mx\/wp-content\/uploads\/2022\/05\/WhatsApp-Image-2022-05-07-at-12.17.45-PM-1.jpeg 1600w\" sizes=\"auto, (max-width: 1024px) 100vw, 1024px\" \/><\/figure>\n\n\n\n<p>La expo venta \u201cAmor es Mam\u00e1\u201d se desarrollar\u00e1 los d\u00edas 7 y 8 de mayo, de 10:00 a 19:00 horas, en el hotel Real de Cort\u00e9s, ubicado en la calle Francisco Javier Clavijero 17.<\/p>\n","protected":false},"excerpt":{"rendered":"<p>Xalapa, Ver.- La administraci\u00f3n municipal est\u00e1 consciente de la necesidad que existe de reactivar la econom\u00eda, por ello, nuestras puertas siempre estar\u00e1n abiertas para impulsar este tipo de actividades, asegur\u00f3 el presidente municipal Ricardo Ahued Bardahuil al inaugurar la expo venta \u201cAmor es Mam\u00e1\u201d. El Alcalde ofreci\u00f3 el patio central del Palacio Municipal para organizar [&hellip;]<\/p>\n","protected":false},"author":8,"featured_media":53682,"comment_status":"open","ping_status":"open","sticky":false,"template":"","format":"standard","meta":{"_monsterinsights_skip_tracking":false,"_monsterinsights_sitenote_active":false,"_monsterinsights_sitenote_note":"","_monsterinsights_sitenote_category":0,"footnotes":""},"categories":[156],"tags":[14521,10426,4327],"class_list":["post-53679","post","type-post","status-publish","format-standard","has-post-thumbnail","hentry","category-estado","tag-amor-es-mama","tag-ayuntamiento-de-xalapa","tag-emprendedores","wp-image-borders"],"amp_enabled":true,"_links":{"self":[{"href":"https:\/\/nvnoticias.mx\/index.php\/wp-json\/wp\/v2\/posts\/53679","targetHints":{"allow":["GET"]}}],"collection":[{"href":"https:\/\/nvnoticias.mx\/index.php\/wp-json\/wp\/v2\/posts"}],"about":[{"href":"https:\/\/nvnoticias.mx\/index.php\/wp-json\/wp\/v2\/types\/post"}],"author":[{"embeddable":true,"href":"https:\/\/nvnoticias.mx\/index.php\/wp-json\/wp\/v2\/users\/8"}],"replies":[{"embeddable":true,"href":"https:\/\/nvnoticias.mx\/index.php\/wp-json\/wp\/v2\/comments?post=53679"}],"version-history":[{"count":1,"href":"https:\/\/nvnoticias.mx\/index.php\/wp-json\/wp\/v2\/posts\/53679\/revisions"}],"predecessor-version":[{"id":53683,"href":"https:\/\/nvnoticias.mx\/index.php\/wp-json\/wp\/v2\/posts\/53679\/revisions\/53683"}],"wp:featuredmedia":[{"embeddable":true,"href":"https:\/\/nvnoticias.mx\/index.php\/wp-json\/wp\/v2\/media\/53682"}],"wp:attachment":[{"href":"https:\/\/nvnoticias.mx\/index.php\/wp-json\/wp\/v2\/media?parent=53679"}],"wp:term":[{"taxonomy":"category","embeddable":true,"href":"https:\/\/nvnoticias.mx\/index.php\/wp-json\/wp\/v2\/categories?post=53679"},{"taxonomy":"post_tag","embeddable":true,"href":"https:\/\/nvnoticias.mx\/index.php\/wp-json\/wp\/v2\/tags?post=53679"}],"curies":[{"name":"wp","href":"https:\/\/api.w.org\/{rel}","templated":true}]}}