{"id":53601,"date":"2022-05-06T17:02:39","date_gmt":"2022-05-06T22:02:39","guid":{"rendered":"https:\/\/nvnoticias.mx\/?p=53601"},"modified":"2022-05-06T17:02:40","modified_gmt":"2022-05-06T22:02:40","slug":"apoyan-a-veracruzanos-presos-en-centroamerica-y-estados-unidos","status":"publish","type":"post","link":"https:\/\/nvnoticias.mx\/index.php\/2022\/05\/06\/apoyan-a-veracruzanos-presos-en-centroamerica-y-estados-unidos\/","title":{"rendered":"Apoyan a veracruzanos presos en Centroam\u00e9rica y Estados Unidos"},"content":{"rendered":"\n<p><strong>Jes\u00fas Utrilla \/ NV Noticias<\/strong><\/p>\n\n\n\n<p>Hay varios veracruzanos presos por tr\u00e1fico de personas y narcotr\u00e1fico en Guatemala, se\u00f1al\u00f3 Carlos Enrique Escalante Igual, director de la Oficina de Atenci\u00f3n a Migrantes del Gobierno de Veracruz.<\/p>\n\n\n\n<p>Dijo que tienen el reporte de al menos 14 en dicha naci\u00f3n centroamericana.<\/p>\n\n\n\n<p>Adem\u00e1s las familias de otros 7 pidieron apoyo porque est\u00e1n en Estados Unidos encarcelados por accidentes automovil\u00edsticos, homicidios imprudenciales, entre otros.&nbsp;<\/p>\n\n\n\n<blockquote class=\"wp-block-quote is-layout-flow wp-block-quote-is-layout-flow\"><p>\u201c<em>Ese \u00faltimo informe fue de hace un mes en la frontera Sur y en el caso de la frontera norte tenemos el dato desde hace seis meses. En el caso del Sur est\u00e1n en Guatemala, Honduras y El Salvado<\/em>r\u201d.<\/p><\/blockquote>\n\n\n\n<p>Por otro lado inform\u00f3 que desde el arribo de la Caravana n\u00famero 16 del Movimiento Migrante Mesoamericano se les apoy\u00f3 con habitaciones y alimentos.<\/p>\n\n\n\n<p>Sin embargo, no intervienen en los temas jur\u00eddicos que se llevan a cabo para la liberaci\u00f3n de centroamericanos presos en M\u00e9xico.&nbsp;<\/p>\n\n\n\n<p>Hasta hace algunos a\u00f1os Veracruz era un paso peligroso para los centroamericanos porque se comet\u00eda secuestro, homicidio, extorsi\u00f3n y cobro de piso pero hay coordinaci\u00f3n de instancias para atender dichos problemas.&nbsp;<\/p>\n\n\n\n<blockquote class=\"wp-block-quote is-layout-flow wp-block-quote-is-layout-flow\"><p>\u201c<em>Cuando yo estuve en la Fiscal\u00eda de Atenci\u00f3n a Migrantes del Estado de Veracruz, la entidad era un paso muy delicado y hay mucha delincuencia organizada en estos temas. En este momento seguimos apoyando para inhibirlo, que es muy dif\u00edcil porque el migrante viene sin documentos y lo que menos quiere es tener relaci\u00f3n con las autoridade<\/em>s\u201d.\u00a0<\/p><\/blockquote>\n","protected":false},"excerpt":{"rendered":"<p>Jes\u00fas Utrilla \/ NV Noticias Hay varios veracruzanos presos por tr\u00e1fico de personas y narcotr\u00e1fico en Guatemala, se\u00f1al\u00f3 Carlos Enrique Escalante Igual, director de la Oficina de Atenci\u00f3n a Migrantes del Gobierno de Veracruz. Dijo que tienen el reporte de al menos 14 en dicha naci\u00f3n centroamericana. Adem\u00e1s las familias de otros 7 pidieron apoyo [&hellip;]<\/p>\n","protected":false},"author":8,"featured_media":53603,"comment_status":"open","ping_status":"open","sticky":false,"template":"","format":"standard","meta":{"_monsterinsights_skip_tracking":false,"_monsterinsights_sitenote_active":false,"_monsterinsights_sitenote_note":"","_monsterinsights_sitenote_category":0,"footnotes":""},"categories":[154],"tags":[183,686,4584,14508],"class_list":["post-53601","post","type-post","status-publish","format-standard","has-post-thumbnail","hentry","category-veracruz","tag-estados-unidos","tag-guatemala","tag-presos","tag-veraruzanos","wp-image-borders"],"amp_enabled":true,"_links":{"self":[{"href":"https:\/\/nvnoticias.mx\/index.php\/wp-json\/wp\/v2\/posts\/53601","targetHints":{"allow":["GET"]}}],"collection":[{"href":"https:\/\/nvnoticias.mx\/index.php\/wp-json\/wp\/v2\/posts"}],"about":[{"href":"https:\/\/nvnoticias.mx\/index.php\/wp-json\/wp\/v2\/types\/post"}],"author":[{"embeddable":true,"href":"https:\/\/nvnoticias.mx\/index.php\/wp-json\/wp\/v2\/users\/8"}],"replies":[{"embeddable":true,"href":"https:\/\/nvnoticias.mx\/index.php\/wp-json\/wp\/v2\/comments?post=53601"}],"version-history":[{"count":1,"href":"https:\/\/nvnoticias.mx\/index.php\/wp-json\/wp\/v2\/posts\/53601\/revisions"}],"predecessor-version":[{"id":53604,"href":"https:\/\/nvnoticias.mx\/index.php\/wp-json\/wp\/v2\/posts\/53601\/revisions\/53604"}],"wp:featuredmedia":[{"embeddable":true,"href":"https:\/\/nvnoticias.mx\/index.php\/wp-json\/wp\/v2\/media\/53603"}],"wp:attachment":[{"href":"https:\/\/nvnoticias.mx\/index.php\/wp-json\/wp\/v2\/media?parent=53601"}],"wp:term":[{"taxonomy":"category","embeddable":true,"href":"https:\/\/nvnoticias.mx\/index.php\/wp-json\/wp\/v2\/categories?post=53601"},{"taxonomy":"post_tag","embeddable":true,"href":"https:\/\/nvnoticias.mx\/index.php\/wp-json\/wp\/v2\/tags?post=53601"}],"curies":[{"name":"wp","href":"https:\/\/api.w.org\/{rel}","templated":true}]}}