{"id":53549,"date":"2022-05-06T14:11:44","date_gmt":"2022-05-06T19:11:44","guid":{"rendered":"https:\/\/nvnoticias.mx\/?p=53549"},"modified":"2022-05-06T14:11:45","modified_gmt":"2022-05-06T19:11:45","slug":"alerta-pc-por-ola-de-calor-en-veracruz","status":"publish","type":"post","link":"https:\/\/nvnoticias.mx\/index.php\/2022\/05\/06\/alerta-pc-por-ola-de-calor-en-veracruz\/","title":{"rendered":"Alerta PC por ola de calor en Veracruz"},"content":{"rendered":"\n<p><strong>Sam Ojeda\u00a0\/ NV Noticias<\/strong><\/p>\n\n\n\n<p>Xalapa.- Por temperaturas de entre los 40 a 45 grados en municipios del norte y de 38 a 42 grados en el sur, la Secretar\u00eda de Protecci\u00f3n Civil de Veracruz public\u00f3 un Aviso Especial por Surada y Ola de Calor.<\/p>\n\n\n\n<p>De acuerdo con la dependencia,\u00a0 el ambiente bochornoso y con falta de lluvias persistir\u00e1 durante este fin de semana, asociado a un evento de surada con rachas de viento de componente sur\u00a0 por arriba de los 70 kil\u00f3metros por hora.<\/p>\n\n\n\n<p>Este fen\u00f3meno afectar\u00e1 principalmente a la regi\u00f3n de Los Tuxtlas, la Laguna de Catemaco y Jes\u00fas Carranza y Acayucan, dio a conocer el Subcoordinador de Fen\u00f3menos Atmosf\u00e9ricos de Protecci\u00f3n Civil, Jos\u00e9 Llanos Arias.<\/p>\n\n\n\n<p>El Aviso Especial por calor advierte de un viernes, s\u00e1bado, domingo y lunes con temperaturas de entre los 37 a 45 grados en la zona norte y la Huasteca.<\/p>\n\n\n\n<p>Las costas de Tuxpan, Cazones, Tecolutla y Nautla registrar\u00e1n valores de entre los 34 a los 38 grados en los pr\u00f3ximos 4 d\u00edas; mientras que la conurbaci\u00f3n de Boca del R\u00edo, Veracruz y Medell\u00edn reportar\u00e1n m\u00e1ximas de los 35 a 39 grados en viernes, de 36 a 40 en s\u00e1bado, de 37 a 41 en domingo y de 36 a 40 grados en lunes.<\/p>\n\n\n\n<p>La monta\u00f1a central registrar\u00e1 temperaturas de entre los 31 a 37 grados entre viernes y lunes y el sur, de los 37 a los 42 grados, a la sombra.<\/p>\n","protected":false},"excerpt":{"rendered":"<p>Sam Ojeda\u00a0\/ NV Noticias Xalapa.- Por temperaturas de entre los 40 a 45 grados en municipios del norte y de 38 a 42 grados en el sur, la Secretar\u00eda de Protecci\u00f3n Civil de Veracruz public\u00f3 un Aviso Especial por Surada y Ola de Calor. De acuerdo con la dependencia,\u00a0 el ambiente bochornoso y con falta [&hellip;]<\/p>\n","protected":false},"author":8,"featured_media":53553,"comment_status":"open","ping_status":"open","sticky":false,"template":"","format":"standard","meta":{"_monsterinsights_skip_tracking":false,"_monsterinsights_sitenote_active":false,"_monsterinsights_sitenote_note":"","_monsterinsights_sitenote_category":0,"footnotes":""},"categories":[156],"tags":[4720,210,180],"class_list":["post-53549","post","type-post","status-publish","format-standard","has-post-thumbnail","hentry","category-estado","tag-ola-de-calor","tag-pc","tag-veracruz","wp-image-borders"],"amp_enabled":true,"_links":{"self":[{"href":"https:\/\/nvnoticias.mx\/index.php\/wp-json\/wp\/v2\/posts\/53549","targetHints":{"allow":["GET"]}}],"collection":[{"href":"https:\/\/nvnoticias.mx\/index.php\/wp-json\/wp\/v2\/posts"}],"about":[{"href":"https:\/\/nvnoticias.mx\/index.php\/wp-json\/wp\/v2\/types\/post"}],"author":[{"embeddable":true,"href":"https:\/\/nvnoticias.mx\/index.php\/wp-json\/wp\/v2\/users\/8"}],"replies":[{"embeddable":true,"href":"https:\/\/nvnoticias.mx\/index.php\/wp-json\/wp\/v2\/comments?post=53549"}],"version-history":[{"count":1,"href":"https:\/\/nvnoticias.mx\/index.php\/wp-json\/wp\/v2\/posts\/53549\/revisions"}],"predecessor-version":[{"id":53554,"href":"https:\/\/nvnoticias.mx\/index.php\/wp-json\/wp\/v2\/posts\/53549\/revisions\/53554"}],"wp:featuredmedia":[{"embeddable":true,"href":"https:\/\/nvnoticias.mx\/index.php\/wp-json\/wp\/v2\/media\/53553"}],"wp:attachment":[{"href":"https:\/\/nvnoticias.mx\/index.php\/wp-json\/wp\/v2\/media?parent=53549"}],"wp:term":[{"taxonomy":"category","embeddable":true,"href":"https:\/\/nvnoticias.mx\/index.php\/wp-json\/wp\/v2\/categories?post=53549"},{"taxonomy":"post_tag","embeddable":true,"href":"https:\/\/nvnoticias.mx\/index.php\/wp-json\/wp\/v2\/tags?post=53549"}],"curies":[{"name":"wp","href":"https:\/\/api.w.org\/{rel}","templated":true}]}}