{"id":53533,"date":"2022-05-06T13:29:20","date_gmt":"2022-05-06T18:29:20","guid":{"rendered":"https:\/\/nvnoticias.mx\/?p=53533"},"modified":"2022-05-06T13:29:22","modified_gmt":"2022-05-06T18:29:22","slug":"no-hay-mexicanos-lesionados-por-explosion-en-hotel-embajada-de-mexico-en-cuba","status":"publish","type":"post","link":"https:\/\/nvnoticias.mx\/index.php\/2022\/05\/06\/no-hay-mexicanos-lesionados-por-explosion-en-hotel-embajada-de-mexico-en-cuba\/","title":{"rendered":"No hay mexicanos lesionados por explosi\u00f3n en hotel: embajada de M\u00e9xico en Cuba"},"content":{"rendered":"\n<p>La embajada de M\u00e9xico en Cuba inform\u00f3 que hasta el momento no hay reportes de mexicanos que hayan fallecido o resultado lesionados por la explosi\u00f3n que ocurri\u00f3 esta ma\u00f1ana en el Hotel Saratoga, ubicado en La Habana.<\/p>\n\n\n\n<p> En su cuenta de Twitter, la embajada lament\u00f3 el incidente e indic\u00f3 que ya se activaron los protocolos de protecci\u00f3n correspondientes.<\/p>\n\n\n\n<blockquote class=\"wp-block-quote is-layout-flow wp-block-quote-is-layout-flow\"><p>&#8220;Ante los lamentables sucesos en el Hotel Saratoga en la ciudad de La Habana,\u00a0@EmbaMexCuba\u00a0ha activado los protocolos de protecci\u00f3n correspondientes. Hasta este momento, no se tienen reportes de mexicanos lastimados o heridos&#8221;, escribi\u00f3 en la red social. <\/p><\/blockquote>\n\n\n\n<p>Esta ma\u00f1ana ocurri\u00f3 una explosi\u00f3n en el Hotel Saratoga, que dej\u00f3 un saldo de al menos ocho personas fallecidas\u00a0y m\u00e1s de 30 personas lesionadas, adem\u00e1s de que 13 contin\u00faan reportadas como desaparecidas. <\/p>\n\n\n\n<p>Fuente: <a href=\"https:\/\/www.milenio.com\/politica\/embajada-mexico-descarta-mexicanos-heridos-explosion-cuba\" data-type=\"URL\" data-id=\"https:\/\/www.milenio.com\/politica\/embajada-mexico-descarta-mexicanos-heridos-explosion-cuba\">Milenio<\/a><\/p>\n","protected":false},"excerpt":{"rendered":"<p>La embajada de M\u00e9xico en Cuba inform\u00f3 que hasta el momento no hay reportes de mexicanos que hayan fallecido o resultado lesionados por la explosi\u00f3n que ocurri\u00f3 esta ma\u00f1ana en el Hotel Saratoga, ubicado en La Habana. En su cuenta de Twitter, la embajada lament\u00f3 el incidente e indic\u00f3 que ya se activaron los protocolos [&hellip;]<\/p>\n","protected":false},"author":35,"featured_media":53542,"comment_status":"open","ping_status":"open","sticky":false,"template":"","format":"standard","meta":{"_monsterinsights_skip_tracking":false,"_monsterinsights_sitenote_active":false,"_monsterinsights_sitenote_note":"","_monsterinsights_sitenote_category":0,"footnotes":""},"categories":[157],"tags":[3037,3290,10065,3024,14477],"class_list":["post-53533","post","type-post","status-publish","format-standard","has-post-thumbnail","hentry","category-nacional","tag-embajada","tag-explosion","tag-hotel","tag-lesionados","tag-no-hay-mexicanos","wp-image-borders"],"amp_enabled":true,"_links":{"self":[{"href":"https:\/\/nvnoticias.mx\/index.php\/wp-json\/wp\/v2\/posts\/53533","targetHints":{"allow":["GET"]}}],"collection":[{"href":"https:\/\/nvnoticias.mx\/index.php\/wp-json\/wp\/v2\/posts"}],"about":[{"href":"https:\/\/nvnoticias.mx\/index.php\/wp-json\/wp\/v2\/types\/post"}],"author":[{"embeddable":true,"href":"https:\/\/nvnoticias.mx\/index.php\/wp-json\/wp\/v2\/users\/35"}],"replies":[{"embeddable":true,"href":"https:\/\/nvnoticias.mx\/index.php\/wp-json\/wp\/v2\/comments?post=53533"}],"version-history":[{"count":1,"href":"https:\/\/nvnoticias.mx\/index.php\/wp-json\/wp\/v2\/posts\/53533\/revisions"}],"predecessor-version":[{"id":53543,"href":"https:\/\/nvnoticias.mx\/index.php\/wp-json\/wp\/v2\/posts\/53533\/revisions\/53543"}],"wp:featuredmedia":[{"embeddable":true,"href":"https:\/\/nvnoticias.mx\/index.php\/wp-json\/wp\/v2\/media\/53542"}],"wp:attachment":[{"href":"https:\/\/nvnoticias.mx\/index.php\/wp-json\/wp\/v2\/media?parent=53533"}],"wp:term":[{"taxonomy":"category","embeddable":true,"href":"https:\/\/nvnoticias.mx\/index.php\/wp-json\/wp\/v2\/categories?post=53533"},{"taxonomy":"post_tag","embeddable":true,"href":"https:\/\/nvnoticias.mx\/index.php\/wp-json\/wp\/v2\/tags?post=53533"}],"curies":[{"name":"wp","href":"https:\/\/api.w.org\/{rel}","templated":true}]}}