{"id":53214,"date":"2022-05-04T16:39:39","date_gmt":"2022-05-04T21:39:39","guid":{"rendered":"https:\/\/nvnoticias.mx\/?p=53214"},"modified":"2022-05-04T16:39:40","modified_gmt":"2022-05-04T21:39:40","slug":"acordona-pc-calle-5-de-febrero-por-presencia-de-abejas","status":"publish","type":"post","link":"https:\/\/nvnoticias.mx\/index.php\/2022\/05\/04\/acordona-pc-calle-5-de-febrero-por-presencia-de-abejas\/","title":{"rendered":"Acordona PC calle 5 de Febrero por presencia de abejas"},"content":{"rendered":"\n<p>Xalapa, Ver.- Durante la realizaci\u00f3n de labores de mantenimiento en el Pante\u00f3n 5 de Febrero, personal adscrito al Departamento de Parques y Jardines fue atacado por abejas, por lo que la calle fue acordonada para seguridad de los trabajadores y vecinos.<\/p>\n\n\n\n<p>De acuerdo con el director de Protecci\u00f3n Civil, Luis Sardi\u00f1a Salgado, un trabajador result\u00f3 con picaduras, por lo que fue trasladado a un hospital para su atenci\u00f3n m\u00e9dica, mientras que la recomendaci\u00f3n para la ciudadan\u00eda es mantenerse alejada de la zona mientras las abejas vuelven a su colmena.<\/p>\n\n\n\n<p>A\u00f1adi\u00f3 que para su buen manejo y retiro del lugar, se solicit\u00f3 a la Direcci\u00f3n de Medio Ambiente la asistencia de un apicultor y puso a disposici\u00f3n los n\u00fameros de tel\u00e9fono 228 840 4220 y 228 890 0794 para informar sobre la presencia de estos insectos.<\/p>\n\n\n\n<figure class=\"wp-block-image size-large\"><img loading=\"lazy\" decoding=\"async\" width=\"693\" height=\"1024\" src=\"https:\/\/nvnoticias.mx\/wp-content\/uploads\/2022\/05\/IMG-20220504-WA0032-693x1024.jpg\" alt=\"\" class=\"wp-image-53215\" srcset=\"https:\/\/nvnoticias.mx\/wp-content\/uploads\/2022\/05\/IMG-20220504-WA0032-693x1024.jpg 693w, https:\/\/nvnoticias.mx\/wp-content\/uploads\/2022\/05\/IMG-20220504-WA0032-203x300.jpg 203w, https:\/\/nvnoticias.mx\/wp-content\/uploads\/2022\/05\/IMG-20220504-WA0032-768x1135.jpg 768w, https:\/\/nvnoticias.mx\/wp-content\/uploads\/2022\/05\/IMG-20220504-WA0032.jpg 866w\" sizes=\"auto, (max-width: 693px) 100vw, 693px\" \/><\/figure>\n","protected":false},"excerpt":{"rendered":"<p>Xalapa, Ver.- Durante la realizaci\u00f3n de labores de mantenimiento en el Pante\u00f3n 5 de Febrero, personal adscrito al Departamento de Parques y Jardines fue atacado por abejas, por lo que la calle fue acordonada para seguridad de los trabajadores y vecinos. De acuerdo con el director de Protecci\u00f3n Civil, Luis Sardi\u00f1a Salgado, un trabajador result\u00f3 [&hellip;]<\/p>\n","protected":false},"author":35,"featured_media":50144,"comment_status":"open","ping_status":"open","sticky":false,"template":"","format":"standard","meta":{"_monsterinsights_skip_tracking":false,"_monsterinsights_sitenote_active":false,"_monsterinsights_sitenote_note":"","_monsterinsights_sitenote_category":0,"footnotes":""},"categories":[156],"tags":[10672,14396,4185,2456,210,11209],"class_list":["post-53214","post","type-post","status-publish","format-standard","has-post-thumbnail","hentry","category-estado","tag-abejas","tag-acordona","tag-calle","tag-febrero","tag-pc","tag-presencia","wp-image-borders"],"amp_enabled":true,"_links":{"self":[{"href":"https:\/\/nvnoticias.mx\/index.php\/wp-json\/wp\/v2\/posts\/53214","targetHints":{"allow":["GET"]}}],"collection":[{"href":"https:\/\/nvnoticias.mx\/index.php\/wp-json\/wp\/v2\/posts"}],"about":[{"href":"https:\/\/nvnoticias.mx\/index.php\/wp-json\/wp\/v2\/types\/post"}],"author":[{"embeddable":true,"href":"https:\/\/nvnoticias.mx\/index.php\/wp-json\/wp\/v2\/users\/35"}],"replies":[{"embeddable":true,"href":"https:\/\/nvnoticias.mx\/index.php\/wp-json\/wp\/v2\/comments?post=53214"}],"version-history":[{"count":1,"href":"https:\/\/nvnoticias.mx\/index.php\/wp-json\/wp\/v2\/posts\/53214\/revisions"}],"predecessor-version":[{"id":53216,"href":"https:\/\/nvnoticias.mx\/index.php\/wp-json\/wp\/v2\/posts\/53214\/revisions\/53216"}],"wp:featuredmedia":[{"embeddable":true,"href":"https:\/\/nvnoticias.mx\/index.php\/wp-json\/wp\/v2\/media\/50144"}],"wp:attachment":[{"href":"https:\/\/nvnoticias.mx\/index.php\/wp-json\/wp\/v2\/media?parent=53214"}],"wp:term":[{"taxonomy":"category","embeddable":true,"href":"https:\/\/nvnoticias.mx\/index.php\/wp-json\/wp\/v2\/categories?post=53214"},{"taxonomy":"post_tag","embeddable":true,"href":"https:\/\/nvnoticias.mx\/index.php\/wp-json\/wp\/v2\/tags?post=53214"}],"curies":[{"name":"wp","href":"https:\/\/api.w.org\/{rel}","templated":true}]}}