{"id":53208,"date":"2022-05-04T14:37:02","date_gmt":"2022-05-04T19:37:02","guid":{"rendered":"https:\/\/nvnoticias.mx\/?p=53208"},"modified":"2022-05-04T14:37:03","modified_gmt":"2022-05-04T19:37:03","slug":"deja-congreso-sin-efecto-el-decreto-vetado-de-el-bronco-a-la-ley-de-transparencia","status":"publish","type":"post","link":"https:\/\/nvnoticias.mx\/index.php\/2022\/05\/04\/deja-congreso-sin-efecto-el-decreto-vetado-de-el-bronco-a-la-ley-de-transparencia\/","title":{"rendered":"Deja congreso sin efecto el decreto vetado de \u2018El Bronco\u2019 a la ley de transparencia"},"content":{"rendered":"\n<p>Por unanimidad de votos, el Congreso de Nuevo Le\u00f3n dej\u00f3 sin efecto el decreto vetado por el ex gobernador Jaime Rodr\u00edguez Calder\u00f3n, El Bronco, que buscaba que los comisionados de la Comisi\u00f3n de Transparencia y Acceso a la Informaci\u00f3n (COTAI) no deb\u00edan durar 7 a\u00f1os en el cargo. <\/p>\n\n\n\n<p>En sesi\u00f3n ordinaria de Pleno, F\u00e9lix Rocha, del PAN, explic\u00f3 que el promovente detall\u00f3 que el Decreto N\u00famero 002 aprobado por el Congreso del Estado, mediante el cual se reform\u00f3 el art\u00edculo 49 de la Ley de Transparencia y Acceso a la Informaci\u00f3n P\u00fablica, a fin de a\u00f1adir la posibilidad de ampliar el actual periodo de 7 a\u00f1os de duraci\u00f3n en el cargo de los comisionados de la Comisi\u00f3n de Transparencia y Acceso a la Informaci\u00f3n del Estado de Nuevo Le\u00f3n, contraviene los principios y bases contenidos en la Constituci\u00f3n Pol\u00edtica de los Estados Unidos Mexicanos. <\/p>\n\n\n\n<blockquote class=\"wp-block-quote is-layout-flow wp-block-quote-is-layout-flow\"><p>\u201cViola la normativa correlativa contenida en la Ley General de Transparencia y Acceso a la Informaci\u00f3n P\u00fablica, respecto la temporalidad del ejercicio del cargo de los comisionados de los \u00f3rganos garantes en materia de derecho a la informaci\u00f3n, al establecer la hip\u00f3tesis por virtud de la cual los comisionados que han concluido su encargo puedan ser nuevamente designados para otro periodo\u201d, se lee en el dictamen. <\/p><\/blockquote>\n\n\n\n<p>El Congreso consider\u00f3 que las leyes locales en materias concurrentes pueden aumentar las prohibiciones o los deberes impuestos por las leyes generales, pero de dicho mecanismo debe prevalecer la igualdad, proporcionalidad, armon\u00eda e igualdad en la entrega y protecci\u00f3n de los derechos de cualquier \u00edndole frente a la norma federal. <\/p>\n\n\n\n<blockquote class=\"wp-block-quote is-layout-flow wp-block-quote-is-layout-flow\"><p>\u201cToda vez para cumplir con el m\u00ednimo normativo que marca la ley general, as\u00ed como el esp\u00edritu y sentido por la cual fue creada. Si bien es cierto, que las entidades federativas podr\u00e1n adecuar las normas a las necesidades de su entorno siempre y cuando no se vulnere lo establecido en el m\u00e1ximo ordenamiento jur\u00eddico y la ley general que rige la materia\u201d, concluy\u00f3 el dictamen.<\/p><\/blockquote>\n\n\n\n<p>Fuente: <a href=\"https:\/\/www.milenio.com\/politica\/congreso-nl-deja-efecto-decreto-vetado-jaime-rodriguez\" data-type=\"URL\" data-id=\"https:\/\/www.milenio.com\/politica\/congreso-nl-deja-efecto-decreto-vetado-jaime-rodriguez\">Milenio<\/a><\/p>\n","protected":false},"excerpt":{"rendered":"<p>Por unanimidad de votos, el Congreso de Nuevo Le\u00f3n dej\u00f3 sin efecto el decreto vetado por el ex gobernador Jaime Rodr\u00edguez Calder\u00f3n, El Bronco, que buscaba que los comisionados de la Comisi\u00f3n de Transparencia y Acceso a la Informaci\u00f3n (COTAI) no deb\u00edan durar 7 a\u00f1os en el cargo. En sesi\u00f3n ordinaria de Pleno, F\u00e9lix Rocha, [&hellip;]<\/p>\n","protected":false},"author":35,"featured_media":45377,"comment_status":"open","ping_status":"open","sticky":false,"template":"","format":"standard","meta":{"_monsterinsights_skip_tracking":false,"_monsterinsights_sitenote_active":false,"_monsterinsights_sitenote_note":"","_monsterinsights_sitenote_category":0,"footnotes":""},"categories":[158],"tags":[348,14394,11860,6040,14395,14393],"class_list":["post-53208","post","type-post","status-publish","format-standard","has-post-thumbnail","hentry","category-politica","tag-congreso","tag-decreto-vetado","tag-deja","tag-el-bronco","tag-ley-de-transparencia","tag-sin-efecto","wp-image-borders"],"amp_enabled":true,"_links":{"self":[{"href":"https:\/\/nvnoticias.mx\/index.php\/wp-json\/wp\/v2\/posts\/53208","targetHints":{"allow":["GET"]}}],"collection":[{"href":"https:\/\/nvnoticias.mx\/index.php\/wp-json\/wp\/v2\/posts"}],"about":[{"href":"https:\/\/nvnoticias.mx\/index.php\/wp-json\/wp\/v2\/types\/post"}],"author":[{"embeddable":true,"href":"https:\/\/nvnoticias.mx\/index.php\/wp-json\/wp\/v2\/users\/35"}],"replies":[{"embeddable":true,"href":"https:\/\/nvnoticias.mx\/index.php\/wp-json\/wp\/v2\/comments?post=53208"}],"version-history":[{"count":1,"href":"https:\/\/nvnoticias.mx\/index.php\/wp-json\/wp\/v2\/posts\/53208\/revisions"}],"predecessor-version":[{"id":53209,"href":"https:\/\/nvnoticias.mx\/index.php\/wp-json\/wp\/v2\/posts\/53208\/revisions\/53209"}],"wp:featuredmedia":[{"embeddable":true,"href":"https:\/\/nvnoticias.mx\/index.php\/wp-json\/wp\/v2\/media\/45377"}],"wp:attachment":[{"href":"https:\/\/nvnoticias.mx\/index.php\/wp-json\/wp\/v2\/media?parent=53208"}],"wp:term":[{"taxonomy":"category","embeddable":true,"href":"https:\/\/nvnoticias.mx\/index.php\/wp-json\/wp\/v2\/categories?post=53208"},{"taxonomy":"post_tag","embeddable":true,"href":"https:\/\/nvnoticias.mx\/index.php\/wp-json\/wp\/v2\/tags?post=53208"}],"curies":[{"name":"wp","href":"https:\/\/api.w.org\/{rel}","templated":true}]}}