{"id":5312,"date":"2021-02-21T12:43:25","date_gmt":"2021-02-21T18:43:25","guid":{"rendered":"https:\/\/nvnoticias.mx\/?p=5312"},"modified":"2021-02-21T12:43:26","modified_gmt":"2021-02-21T18:43:26","slug":"iniciara-aplicacion-de-vacunas-anti-covid-en-municipios-del-sur","status":"publish","type":"post","link":"https:\/\/nvnoticias.mx\/index.php\/2021\/02\/21\/iniciara-aplicacion-de-vacunas-anti-covid-en-municipios-del-sur\/","title":{"rendered":"Iniciar\u00e1 aplicaci\u00f3n de vacunas anti covid en municipios del sur"},"content":{"rendered":"\n<p><strong>Julio Escobar \/ NV Noticias<\/strong><\/p>\n\n\n\n<p>Coatzacoalcos.- A partir de este lunes iniciar\u00e1n con la aplicaci\u00f3n de la vacuna contra el covid-19 a los abuelitos de los municipios de Cosoleacaque, Moloac\u00e1n, Ixhuatl\u00e1n del Sureste y Zaragoza, as\u00ed lo dio a conocer el delegado de la Secretar\u00eda del Bienestar en Veracruz Manuel Huerta Ladr\u00f3n de Guevara.<\/p>\n\n\n\n<p>Asimismo dijo que al mismo tiempo arrancar\u00e1n en las localidades de Apatl\u00e1huac, Ixhuatl\u00e1n del Caf\u00e9, Villa Aldama y Colipa, consideradas como zonas m\u00e1s vulnerables.<\/p>\n\n\n\n<blockquote class=\"wp-block-quote is-layout-flow wp-block-quote-is-layout-flow\"><p>\u201cHay una cantidad importante de dosis Pfizer que va a llevar y vamos a entrar a un municipio ya con otras caracter\u00edsticas, m\u00e1s entre rural y urbano y un municipio con m\u00e1s poblaci\u00f3n, vamos a entrar a Cosoleacaque la pr\u00f3xima semana\u201d, inform\u00f3.<\/p><\/blockquote>\n\n\n\n<p>El entrevistado detall\u00f3 que hasta el momento no se tiene una fecha para vacunar a los abuelitos de Minatitl\u00e1n y Coatzacoalcos, sin embargo afirm\u00f3 que forma parte de un compromiso del presidente Andr\u00e9s Manuel L\u00f3pez Obrador.<\/p>\n\n\n\n<p>Durante su visita a Coatzacoalcos, coment\u00f3 que est\u00e1n por concluir la aplicaci\u00f3n de la segunda dosis de la vacuna Pfizer en el personal m\u00e9dico, quienes se encuentra en la primera l\u00ednea de atenci\u00f3n a pacientes de COVID-19.<\/p>\n\n\n\n<blockquote class=\"wp-block-quote is-layout-flow wp-block-quote-is-layout-flow\"><p>\u201cPor ejemplo ahora que llega la Pfizer la estamos metiendo a la primera l\u00ednea de contacto con la enfermedad son los hospitales, m\u00e9dicos y enfermeras, ahorita hablaba con la teniente nav\u00edo y me informa que ya estamos culminando la segunda dosis para esta primera l\u00ednea\u201d, explic\u00f3.<\/p><\/blockquote>\n\n\n\n<p>Cuestionado sobre el regreso a clases, Huerta Ladr\u00f3n de Guevara manifest\u00f3 que si el estado logra tener dos periodos en sem\u00e1foro verde se podr\u00eda volver a las aulas.<\/p>\n","protected":false},"excerpt":{"rendered":"<p>Julio Escobar \/ NV Noticias Coatzacoalcos.- A partir de este lunes iniciar\u00e1n con la aplicaci\u00f3n de la vacuna contra el covid-19 a los abuelitos de los municipios de Cosoleacaque, Moloac\u00e1n, Ixhuatl\u00e1n del Sureste y Zaragoza, as\u00ed lo dio a conocer el delegado de la Secretar\u00eda del Bienestar en Veracruz Manuel Huerta Ladr\u00f3n de Guevara. Asimismo [&hellip;]<\/p>\n","protected":false},"author":6,"featured_media":5313,"comment_status":"open","ping_status":"open","sticky":false,"template":"","format":"standard","meta":{"_monsterinsights_skip_tracking":false,"_monsterinsights_sitenote_active":false,"_monsterinsights_sitenote_note":"","_monsterinsights_sitenote_category":0,"footnotes":""},"categories":[156],"tags":[504,175,1389,340,403],"class_list":["post-5312","post","type-post","status-publish","format-standard","has-post-thumbnail","hentry","category-estado","tag-coatzacoalcos","tag-covid-19","tag-manuel-huerta-ladron-de-guevara","tag-pfizer","tag-vacunas","wp-image-borders"],"amp_enabled":true,"_links":{"self":[{"href":"https:\/\/nvnoticias.mx\/index.php\/wp-json\/wp\/v2\/posts\/5312","targetHints":{"allow":["GET"]}}],"collection":[{"href":"https:\/\/nvnoticias.mx\/index.php\/wp-json\/wp\/v2\/posts"}],"about":[{"href":"https:\/\/nvnoticias.mx\/index.php\/wp-json\/wp\/v2\/types\/post"}],"author":[{"embeddable":true,"href":"https:\/\/nvnoticias.mx\/index.php\/wp-json\/wp\/v2\/users\/6"}],"replies":[{"embeddable":true,"href":"https:\/\/nvnoticias.mx\/index.php\/wp-json\/wp\/v2\/comments?post=5312"}],"version-history":[{"count":1,"href":"https:\/\/nvnoticias.mx\/index.php\/wp-json\/wp\/v2\/posts\/5312\/revisions"}],"predecessor-version":[{"id":5315,"href":"https:\/\/nvnoticias.mx\/index.php\/wp-json\/wp\/v2\/posts\/5312\/revisions\/5315"}],"wp:featuredmedia":[{"embeddable":true,"href":"https:\/\/nvnoticias.mx\/index.php\/wp-json\/wp\/v2\/media\/5313"}],"wp:attachment":[{"href":"https:\/\/nvnoticias.mx\/index.php\/wp-json\/wp\/v2\/media?parent=5312"}],"wp:term":[{"taxonomy":"category","embeddable":true,"href":"https:\/\/nvnoticias.mx\/index.php\/wp-json\/wp\/v2\/categories?post=5312"},{"taxonomy":"post_tag","embeddable":true,"href":"https:\/\/nvnoticias.mx\/index.php\/wp-json\/wp\/v2\/tags?post=5312"}],"curies":[{"name":"wp","href":"https:\/\/api.w.org\/{rel}","templated":true}]}}