{"id":5306,"date":"2021-02-21T12:16:07","date_gmt":"2021-02-21T18:16:07","guid":{"rendered":"https:\/\/nvnoticias.mx\/?p=5306"},"modified":"2021-02-21T12:16:09","modified_gmt":"2021-02-21T18:16:09","slug":"se-mantiene-la-inseguridad-en-la-zona-rural","status":"publish","type":"post","link":"https:\/\/nvnoticias.mx\/index.php\/2021\/02\/21\/se-mantiene-la-inseguridad-en-la-zona-rural\/","title":{"rendered":"Se mantiene la inseguridad en la zona rural"},"content":{"rendered":"\n<p><strong>Jes\u00fas Utrilla \/ NV Noticias<\/strong><\/p>\n\n\n\n<p>Veracruz.- Se mantiene la inseguridad en la zona rural no solo de Veracruz sino del pa\u00eds en general, advirti\u00f3 V\u00edctor Galicia, secretario de Organizaci\u00f3n del Comit\u00e9 Ejecutivo Nacional de la Confederaci\u00f3n Nacional Campesina.<\/p>\n\n\n\n<p>Dijo que los campesinos son asaltados cuando trasladan la producci\u00f3n en camiones y tambi\u00e9n mientras realizan actividades en caminos rurales.<\/p>\n\n\n\n<p>Ante ello consider\u00f3 necesario replantear las estrategias de seguridad, pues el problema aqueja tanto en el norte, como en el centro y sur de M\u00e9xico.<\/p>\n\n\n\n<blockquote class=\"wp-block-quote is-layout-flow wp-block-quote-is-layout-flow\"><p>\u201cLa inseguridad no se ha detenido, por el contrario los robos, asaltos en los caminos a los productores siguen en aumento todos los d\u00edas. Decirle una zona es mentirle, estamos afectados en todo el pa\u00eds. Lo mismo es el sur, que el norte o centro del pa\u00eds\u201d.<\/p><\/blockquote>\n\n\n\n<p>No descart\u00f3 que en las zonas urbanas tambi\u00e9n haya incrementado el delito del fuero com\u00fan, por ello insisti\u00f3 en que se requiere de un combate frontal a la inseguridad.<\/p>\n\n\n\n<blockquote class=\"wp-block-quote is-layout-flow wp-block-quote-is-layout-flow\"><p>\u201cSi hablamos del campo hablamos de las zonas rurales pero las estad\u00edsticas dicen que es la sociedad en general la que est\u00e1 siendo afectada\u201d.<\/p><\/blockquote>\n\n\n\n<p>Agreg\u00f3 que se necesita dar certeza tanto a quienes viven en el campo como en las grandes ciudades.<\/p>\n","protected":false},"excerpt":{"rendered":"<p>Jes\u00fas Utrilla \/ NV Noticias Veracruz.- Se mantiene la inseguridad en la zona rural no solo de Veracruz sino del pa\u00eds en general, advirti\u00f3 V\u00edctor Galicia, secretario de Organizaci\u00f3n del Comit\u00e9 Ejecutivo Nacional de la Confederaci\u00f3n Nacional Campesina. Dijo que los campesinos son asaltados cuando trasladan la producci\u00f3n en camiones y tambi\u00e9n mientras realizan actividades [&hellip;]<\/p>\n","protected":false},"author":6,"featured_media":5307,"comment_status":"open","ping_status":"open","sticky":false,"template":"","format":"standard","meta":{"_monsterinsights_skip_tracking":false,"_monsterinsights_sitenote_active":false,"_monsterinsights_sitenote_note":"","_monsterinsights_sitenote_category":0,"footnotes":""},"categories":[154],"tags":[1600,347,1599],"class_list":["post-5306","post","type-post","status-publish","format-standard","has-post-thumbnail","hentry","category-veracruz","tag-campesinos","tag-inseguridad","tag-zona-rural","wp-image-borders"],"amp_enabled":true,"_links":{"self":[{"href":"https:\/\/nvnoticias.mx\/index.php\/wp-json\/wp\/v2\/posts\/5306","targetHints":{"allow":["GET"]}}],"collection":[{"href":"https:\/\/nvnoticias.mx\/index.php\/wp-json\/wp\/v2\/posts"}],"about":[{"href":"https:\/\/nvnoticias.mx\/index.php\/wp-json\/wp\/v2\/types\/post"}],"author":[{"embeddable":true,"href":"https:\/\/nvnoticias.mx\/index.php\/wp-json\/wp\/v2\/users\/6"}],"replies":[{"embeddable":true,"href":"https:\/\/nvnoticias.mx\/index.php\/wp-json\/wp\/v2\/comments?post=5306"}],"version-history":[{"count":1,"href":"https:\/\/nvnoticias.mx\/index.php\/wp-json\/wp\/v2\/posts\/5306\/revisions"}],"predecessor-version":[{"id":5308,"href":"https:\/\/nvnoticias.mx\/index.php\/wp-json\/wp\/v2\/posts\/5306\/revisions\/5308"}],"wp:featuredmedia":[{"embeddable":true,"href":"https:\/\/nvnoticias.mx\/index.php\/wp-json\/wp\/v2\/media\/5307"}],"wp:attachment":[{"href":"https:\/\/nvnoticias.mx\/index.php\/wp-json\/wp\/v2\/media?parent=5306"}],"wp:term":[{"taxonomy":"category","embeddable":true,"href":"https:\/\/nvnoticias.mx\/index.php\/wp-json\/wp\/v2\/categories?post=5306"},{"taxonomy":"post_tag","embeddable":true,"href":"https:\/\/nvnoticias.mx\/index.php\/wp-json\/wp\/v2\/tags?post=5306"}],"curies":[{"name":"wp","href":"https:\/\/api.w.org\/{rel}","templated":true}]}}