{"id":53000,"date":"2022-05-03T12:28:46","date_gmt":"2022-05-03T17:28:46","guid":{"rendered":"https:\/\/nvnoticias.mx\/?p=53000"},"modified":"2022-05-03T13:12:02","modified_gmt":"2022-05-03T18:12:02","slug":"anuncian-inicio-de-vacunacion-para-ninos-de-12-a-15-anos-de-veracruz-y-boca-del-rio","status":"publish","type":"post","link":"https:\/\/nvnoticias.mx\/index.php\/2022\/05\/03\/anuncian-inicio-de-vacunacion-para-ninos-de-12-a-15-anos-de-veracruz-y-boca-del-rio\/","title":{"rendered":"Anuncian inicio de vacunaci\u00f3n para ni\u00f1os de 12 a 15 a\u00f1os de Veracruz y Boca Del R\u00edo"},"content":{"rendered":"\n<p class=\"wp-block-paragraph\"><strong>Jes\u00fas Utrilla \/ NV Noticias<\/strong><\/p>\n\n\n\n<p class=\"wp-block-paragraph\">Este viernes comenzar\u00e1 la inmunizaci\u00f3n contra el COVID a ni\u00f1os de 12 a 15 a\u00f1os en la zona conurbada Veracruz-Boca Del R\u00edo. <\/p>\n\n\n\n<p class=\"wp-block-paragraph\">El delegado de Programas para el Desarrollo en el estado, Manuel Huerta Ladr\u00f3n de Guevara, se\u00f1al\u00f3 que tambi\u00e9n atender\u00e1n rezagados. <\/p>\n\n\n\n<p class=\"wp-block-paragraph\">Record\u00f3 que los ni\u00f1os tambi\u00e9n deben ser registrados en la p\u00e1gina MiVacuna. <\/p>\n\n\n\n<blockquote class=\"wp-block-quote is-layout-flow wp-block-quote-is-layout-flow\"><p>\u201c<em>Ya empezamos a vacunar esta semana, a los de 12 hasta 15 a\u00f1os. Aqu\u00ed en Veracruz lo haremos en el Pirata Fuente el viernes para los de Veracruz- Boca del R\u00edo pero ser\u00e1n todos los municipio<\/em>s\u201d.<\/p><\/blockquote>\n\n\n\n<p class=\"wp-block-paragraph\">Habr\u00e1 otra ronda de visita a los municipios para atender de 12 en adelante y para quienes a\u00fan no reciben refuerzos de la vacuna. <\/p>\n\n\n\n<p class=\"wp-block-paragraph\">Es importante que los ni\u00f1os de 12 a 15 a\u00f1os lleguen a los m\u00f3dulos acompa\u00f1ados de sus padres o tutores. <\/p>\n\n\n\n<p class=\"wp-block-paragraph\">Por otro lado inform\u00f3 que a trav\u00e9s del Programa la Escuela es Nuestra suman 8 mil 860 planteles intervenidos desde 2019.La inversi\u00f3n total es de 2 mil 674 millones de pesos. <\/p>\n\n\n\n<blockquote class=\"wp-block-quote is-layout-flow wp-block-quote-is-layout-flow\"><p>\u201c<em>El programa aplica en las zonas m\u00e1s pobres y empieza de la zona ind\u00edgena a la rural pero llega a la ciudad porque la cobertura es para todas las escuelas. Se invertir\u00e1 en sector b\u00e1sico de la escuela p\u00fablica<\/em>\u201d.<\/p><\/blockquote>\n\n\n\n<p class=\"wp-block-paragraph\">Anteriormente las inversiones fuertes eran para escuelas con un m\u00ednimo de 150 alumnos y ahora los montos aumentar\u00e1n para todos los planteles.<\/p>\n","protected":false},"excerpt":{"rendered":"<p>Jes\u00fas Utrilla \/ NV Noticias Este viernes comenzar\u00e1 la inmunizaci\u00f3n contra el COVID a ni\u00f1os de 12 a 15 a\u00f1os en la zona conurbada Veracruz-Boca Del R\u00edo. El delegado de Programas para el Desarrollo en el estado, Manuel Huerta Ladr\u00f3n de Guevara, se\u00f1al\u00f3 que tambi\u00e9n atender\u00e1n rezagados. Record\u00f3 que los ni\u00f1os tambi\u00e9n deben ser registrados [&hellip;]<\/p>\n","protected":false},"author":8,"featured_media":32443,"comment_status":"open","ping_status":"open","sticky":false,"template":"","format":"standard","meta":{"_monsterinsights_skip_tracking":false,"footnotes":""},"categories":[154],"tags":[14326,423,1016,162,809,180],"class_list":["post-53000","post","type-post","status-publish","format-standard","has-post-thumbnail","hentry","category-veracruz","tag-12-a-15-anos","tag-boca-del-rio","tag-ninos","tag-portada","tag-vacunacion","tag-veracruz","wp-image-borders"],"amp_enabled":true,"_links":{"self":[{"href":"https:\/\/nvnoticias.mx\/index.php\/wp-json\/wp\/v2\/posts\/53000","targetHints":{"allow":["GET"]}}],"collection":[{"href":"https:\/\/nvnoticias.mx\/index.php\/wp-json\/wp\/v2\/posts"}],"about":[{"href":"https:\/\/nvnoticias.mx\/index.php\/wp-json\/wp\/v2\/types\/post"}],"author":[{"embeddable":true,"href":"https:\/\/nvnoticias.mx\/index.php\/wp-json\/wp\/v2\/users\/8"}],"replies":[{"embeddable":true,"href":"https:\/\/nvnoticias.mx\/index.php\/wp-json\/wp\/v2\/comments?post=53000"}],"version-history":[{"count":1,"href":"https:\/\/nvnoticias.mx\/index.php\/wp-json\/wp\/v2\/posts\/53000\/revisions"}],"predecessor-version":[{"id":53001,"href":"https:\/\/nvnoticias.mx\/index.php\/wp-json\/wp\/v2\/posts\/53000\/revisions\/53001"}],"wp:featuredmedia":[{"embeddable":true,"href":"https:\/\/nvnoticias.mx\/index.php\/wp-json\/wp\/v2\/media\/32443"}],"wp:attachment":[{"href":"https:\/\/nvnoticias.mx\/index.php\/wp-json\/wp\/v2\/media?parent=53000"}],"wp:term":[{"taxonomy":"category","embeddable":true,"href":"https:\/\/nvnoticias.mx\/index.php\/wp-json\/wp\/v2\/categories?post=53000"},{"taxonomy":"post_tag","embeddable":true,"href":"https:\/\/nvnoticias.mx\/index.php\/wp-json\/wp\/v2\/tags?post=53000"}],"curies":[{"name":"wp","href":"https:\/\/api.w.org\/{rel}","templated":true}]}}